{"id":5916,"date":"2010-04-27T18:47:16","date_gmt":"2010-04-27T21:47:16","guid":{"rendered":"http:\/\/www.elsindical.com.ar\/notas\/?p=5916"},"modified":"2010-04-27T18:47:16","modified_gmt":"2010-04-27T21:47:16","slug":"santa-fe-la-condenan-a-8-meses-de-carcel-por-impedir-que-el-padre-vea-a-su-hija","status":"publish","type":"post","link":"https:\/\/www.elsindical.com.ar\/notas\/santa-fe-la-condenan-a-8-meses-de-carcel-por-impedir-que-el-padre-vea-a-su-hija\/","title":{"rendered":"Santa Fe: La condenan a 8 meses de c\u00e1rcel por impedir que el padre vea a su hija"},"content":{"rendered":"<p style=\"text-align: justify;\"><em><a href=\"http:\/\/www.elsindical.com.ar\/notas\/var\/www\/html\/notas\/wp-content\/uploads\/2010\/04\/separaci\u00f3n-de-padre-e-hija.jpg\"><img loading=\"lazy\" decoding=\"async\" class=\"alignleft size-full wp-image-5917\" title=\"separaci\u00f3n-de-padre-e-hija\" src=\"http:\/\/www.elsindical.com.ar\/notas\/var\/www\/html\/notas\/wp-content\/uploads\/2010\/04\/separaci\u00f3n-de-padre-e-hija.jpg\" alt=\"\" width=\"227\" height=\"156\" \/><\/a>La Justicia rosarina conden\u00f3 a una madre a ocho meses de prisi\u00f3n en suspenso por encontrarla penalmente responsable del delito de impedimento de contacto de la hija menor de edad con el padre no conviviente.<\/em><\/p>\n<p style=\"text-align: justify;\">El fallo del Juez Correccional de Rosario, Juan Carlos Curto, impuso a la mujer denunciada por su ex -pareja, la pena de ocho meses de prisi\u00f3n, cuya ejecuci\u00f3n se deja en suspenso, y al pago de las costas del proceso, se\u00f1al\u00f3 la sentencia a la que tuvo acceso T\u00e9lam.<\/p>\n<p>Para el Juez, Curto, el delito cometido por la mujer \u00abno tiene como v\u00edctima al padre que no puede ver al hijo, sino a los mismos hijos\u00bb.<\/p>\n<p>El juez se bas\u00f3 en la Convenci\u00f3n de los Derechos del Ni\u00f1o, ratificada por ley 23.849 e integrada a la constituci\u00f3n nacional en cuanto a que los Estados parte respetar\u00e1n el derecho del ni\u00f1o de padres separados a mantener relaciones personales y contacto directo con ambos padres.<\/p>\n<p>El mismo fallo impone a la madre \u00abcomo regla de conducta, fijar domicilio por el t\u00e9rmino de tres a\u00f1os y someterse al cuidado de un patronato\u00bb.<\/p>\n<p>La causa iniciada por el padre no conviviente en el 2006, cuando la nena en cuesti\u00f3n ten\u00eda cinco a\u00f1os, comenz\u00f3 porque la madre no respeto un r\u00e9gimen de visitas pactado en una sede judicial.<\/p>\n<p>Seg\u00fan las pruebas presentadas por el denunciante y ratificadas por la madre en indagatoria \u00absin autorizaci\u00f3n judicial, la progenitora decidi\u00f3 iniciar una nueva vida y se mud\u00f3 desde Rosario, sin fijar domicilio, a la localidad de San Marcos Sierra en la provincia de C\u00f3rdoba\u00bb.<\/p>\n<p>En ese sentido el Juez, considera en los fundamentos del fallo, \u00abque el intento de victimizarse de parte de la imputada no puede tener ninguna acogida\u00bb.<\/p>\n<p>\u00abSi eligi\u00f3 mal, dos veces, primero en su relaci\u00f3n con la pareja y luego al tener descendencia con el mismo, volvi\u00f3 a elegir mal al apartar en la pr\u00e1ctica, con su conducta a la ni\u00f1a de su padre\u00bb, fundament\u00f3 el magistrado.<\/p>\n","protected":false},"excerpt":{"rendered":"<p>La Justicia rosarina conden\u00f3 a una madre a ocho meses de prisi\u00f3n en suspenso por encontrarla penalmente responsable del delito de impedimento de contacto de la hija menor de edad con el padre no conviviente. El fallo del Juez Correccional de Rosario, Juan Carlos Curto, impuso a la mujer denunciada por su ex -pareja, la&hellip;<\/p>\n","protected":false},"author":1,"featured_media":0,"comment_status":"open","ping_status":"open","sticky":false,"template":"","format":"standard","meta":{"footnotes":""},"categories":[20],"tags":[224,909,41,921,359,2208,609],"class_list":["post-5916","post","type-post","status-publish","format-standard","hentry","category-judiciales","tag-condena","tag-hija","tag-justicia","tag-madre","tag-padre","tag-rosario","tag-santa-fe"],"_links":{"self":[{"href":"https:\/\/www.elsindical.com.ar\/notas\/wp-json\/wp\/v2\/posts\/5916","targetHints":{"allow":["GET"]}}],"collection":[{"href":"https:\/\/www.elsindical.com.ar\/notas\/wp-json\/wp\/v2\/posts"}],"about":[{"href":"https:\/\/www.elsindical.com.ar\/notas\/wp-json\/wp\/v2\/types\/post"}],"author":[{"embeddable":true,"href":"https:\/\/www.elsindical.com.ar\/notas\/wp-json\/wp\/v2\/users\/1"}],"replies":[{"embeddable":true,"href":"https:\/\/www.elsindical.com.ar\/notas\/wp-json\/wp\/v2\/comments?post=5916"}],"version-history":[{"count":1,"href":"https:\/\/www.elsindical.com.ar\/notas\/wp-json\/wp\/v2\/posts\/5916\/revisions"}],"predecessor-version":[{"id":5918,"href":"https:\/\/www.elsindical.com.ar\/notas\/wp-json\/wp\/v2\/posts\/5916\/revisions\/5918"}],"wp:attachment":[{"href":"https:\/\/www.elsindical.com.ar\/notas\/wp-json\/wp\/v2\/media?parent=5916"}],"wp:term":[{"taxonomy":"category","embeddable":true,"href":"https:\/\/www.elsindical.com.ar\/notas\/wp-json\/wp\/v2\/categories?post=5916"},{"taxonomy":"post_tag","embeddable":true,"href":"https:\/\/www.elsindical.com.ar\/notas\/wp-json\/wp\/v2\/tags?post=5916"}],"curies":[{"name":"wp","href":"https:\/\/api.w.org\/{rel}","templated":true}]}}