{"id":59150,"date":"2016-05-01T14:22:42","date_gmt":"2016-05-01T17:22:42","guid":{"rendered":"http:\/\/www.elsindical.com.ar\/notas\/?p=59150"},"modified":"2016-05-01T14:22:42","modified_gmt":"2016-05-01T17:22:42","slug":"moreno-motociclista-muere-decapitado-al-chocar","status":"publish","type":"post","link":"https:\/\/www.elsindical.com.ar\/notas\/moreno-motociclista-muere-decapitado-al-chocar\/","title":{"rendered":"Moreno: Motociclista muere decapitado al chocar"},"content":{"rendered":"<p><em><a href=\"http:\/\/www.elsindical.com.ar\/notas\/var\/www\/html\/notas\/wp-content\/uploads\/2016\/05\/motociclista-decapitado-1.jpg\"><img loading=\"lazy\" decoding=\"async\" class=\"alignnone size-medium wp-image-59152\" src=\"http:\/\/www.elsindical.com.ar\/notas\/var\/www\/html\/notas\/wp-content\/uploads\/2016\/05\/motociclista-decapitado-1-254x300.jpg\" alt=\"motociclista-decapitado-1\" width=\"254\" height=\"300\" srcset=\"https:\/\/www.elsindical.com.ar\/notas\/var\/www\/html\/notas\/wp-content\/uploads\/2016\/05\/motociclista-decapitado-1-254x300.jpg 254w, https:\/\/www.elsindical.com.ar\/notas\/var\/www\/html\/notas\/wp-content\/uploads\/2016\/05\/motociclista-decapitado-1.jpg 325w\" sizes=\"auto, (max-width: 254px) 100vw, 254px\" \/><\/a>\u00a0\u00a0 El hombre falleci\u00f3 como producto de la violenta colisi\u00f3n contra un auto en el barrio La Perlita de esa localidad del conurbano bonaerense.<\/em><\/p>\n<p>Un fatal e impactante accidente de tr\u00e1nsito tuvo lugar en Moreno. El mismo se produjo durante la tarde del pasado martes 26 de abril y las im\u00e1genes, espantosas y escalofriantes, se conocen reci\u00e9n ahora.<\/p>\n<p>Seg\u00fan inform\u00f3 la p\u00e1gina de Facebook \u00abMoreno Noticias\u00bb, tras el choque de una moto y un Fiat Siena, en el cruce de las calles Ecuador y Marcos del Bueno, del barrio La Perlita, un motocicilista falleci\u00f3 decapitado.<\/p>\n<p>Como si fuera una imagen digna de una pel\u00edcula de terror, la cabeza del motociclista qued\u00f3 completa, cercenada, sobre el asfalto. La imagen dantesca gener\u00f3 gran conmoci\u00f3n en el lugar y el tumulto de vecinos que, entre horrorizados y espantados, se acercaron para ver lo que suced\u00eda.<\/p>\n<p><a href=\"http:\/\/www.elsindical.com.ar\/notas\/var\/www\/html\/notas\/wp-content\/uploads\/2016\/05\/motociclista-decapitado-2.jpg\"><img loading=\"lazy\" decoding=\"async\" class=\"alignnone size-medium wp-image-59151\" src=\"http:\/\/www.elsindical.com.ar\/notas\/var\/www\/html\/notas\/wp-content\/uploads\/2016\/05\/motociclista-decapitado-2-300x158.jpg\" alt=\"motociclista-decapitado-2\" width=\"300\" height=\"158\" srcset=\"https:\/\/www.elsindical.com.ar\/notas\/var\/www\/html\/notas\/wp-content\/uploads\/2016\/05\/motociclista-decapitado-2-300x158.jpg 300w, https:\/\/www.elsindical.com.ar\/notas\/var\/www\/html\/notas\/wp-content\/uploads\/2016\/05\/motociclista-decapitado-2.jpg 443w\" sizes=\"auto, (max-width: 300px) 100vw, 300px\" \/><\/a><\/p>\n<p><iframe loading=\"lazy\" src=\"https:\/\/www.youtube.com\/embed\/5liNHV_TXQ0\" width=\"580\" height=\"420\" frameborder=\"0\" allowfullscreen=\"allowfullscreen\"><\/iframe><\/p>\n<p><strong>Fuente: Diario Cr\u00f3nica<\/strong><\/p>\n","protected":false},"excerpt":{"rendered":"<p>\u00a0\u00a0 El hombre falleci\u00f3 como producto de la violenta colisi\u00f3n contra un auto en el barrio La Perlita de esa localidad del conurbano bonaerense. Un fatal e impactante accidente de tr\u00e1nsito tuvo lugar en Moreno. El mismo se produjo durante la tarde del pasado martes 26 de abril y las im\u00e1genes, espantosas y escalofriantes, se&hellip;<\/p>\n","protected":false},"author":1,"featured_media":0,"comment_status":"open","ping_status":"open","sticky":false,"template":"","format":"standard","meta":{"footnotes":""},"categories":[22],"tags":[12164,1232,5359],"class_list":["post-59150","post","type-post","status-publish","format-standard","hentry","category-policiales","tag-decapitado","tag-moreno","tag-motociclista"],"_links":{"self":[{"href":"https:\/\/www.elsindical.com.ar\/notas\/wp-json\/wp\/v2\/posts\/59150","targetHints":{"allow":["GET"]}}],"collection":[{"href":"https:\/\/www.elsindical.com.ar\/notas\/wp-json\/wp\/v2\/posts"}],"about":[{"href":"https:\/\/www.elsindical.com.ar\/notas\/wp-json\/wp\/v2\/types\/post"}],"author":[{"embeddable":true,"href":"https:\/\/www.elsindical.com.ar\/notas\/wp-json\/wp\/v2\/users\/1"}],"replies":[{"embeddable":true,"href":"https:\/\/www.elsindical.com.ar\/notas\/wp-json\/wp\/v2\/comments?post=59150"}],"version-history":[{"count":1,"href":"https:\/\/www.elsindical.com.ar\/notas\/wp-json\/wp\/v2\/posts\/59150\/revisions"}],"predecessor-version":[{"id":59153,"href":"https:\/\/www.elsindical.com.ar\/notas\/wp-json\/wp\/v2\/posts\/59150\/revisions\/59153"}],"wp:attachment":[{"href":"https:\/\/www.elsindical.com.ar\/notas\/wp-json\/wp\/v2\/media?parent=59150"}],"wp:term":[{"taxonomy":"category","embeddable":true,"href":"https:\/\/www.elsindical.com.ar\/notas\/wp-json\/wp\/v2\/categories?post=59150"},{"taxonomy":"post_tag","embeddable":true,"href":"https:\/\/www.elsindical.com.ar\/notas\/wp-json\/wp\/v2\/tags?post=59150"}],"curies":[{"name":"wp","href":"https:\/\/api.w.org\/{rel}","templated":true}]}}