{"id":59118,"date":"2016-04-29T18:41:59","date_gmt":"2016-04-29T21:41:59","guid":{"rendered":"http:\/\/www.elsindical.com.ar\/notas\/?p=59118"},"modified":"2016-04-29T18:41:59","modified_gmt":"2016-04-29T21:41:59","slug":"lanus-una-patota-que-responde-al-intendente-grindetti-agredio-a-tiros-a-vecinos","status":"publish","type":"post","link":"https:\/\/www.elsindical.com.ar\/notas\/lanus-una-patota-que-responde-al-intendente-grindetti-agredio-a-tiros-a-vecinos\/","title":{"rendered":"Lan\u00fas: Una patota que responde al intendente Grindetti agredi\u00f3 a tiros a vecinos"},"content":{"rendered":"<p><em><a href=\"http:\/\/www.elsindical.com.ar\/notas\/var\/www\/html\/notas\/wp-content\/uploads\/2016\/04\/violencia-HCD-Lan\u00fas.jpg\"><img loading=\"lazy\" decoding=\"async\" class=\"alignnone size-medium wp-image-59119\" src=\"http:\/\/www.elsindical.com.ar\/notas\/var\/www\/html\/notas\/wp-content\/uploads\/2016\/04\/violencia-HCD-Lan\u00fas-300x169.jpg\" alt=\"violencia-HCD-Lan\u00fas\" width=\"300\" height=\"169\" srcset=\"https:\/\/www.elsindical.com.ar\/notas\/var\/www\/html\/notas\/wp-content\/uploads\/2016\/04\/violencia-HCD-Lan\u00fas-300x169.jpg 300w, https:\/\/www.elsindical.com.ar\/notas\/var\/www\/html\/notas\/wp-content\/uploads\/2016\/04\/violencia-HCD-Lan\u00fas-500x282.jpg 500w, https:\/\/www.elsindical.com.ar\/notas\/var\/www\/html\/notas\/wp-content\/uploads\/2016\/04\/violencia-HCD-Lan\u00fas.jpg 620w\" sizes=\"auto, (max-width: 300px) 100vw, 300px\" \/><\/a>\u00a0Ocurri\u00f3 antes que el intendente N\u00e9stor Grindetti se presentara a explicar su vinculaci\u00f3n con los \u00abPanam\u00e1 Papers\u00bb. Vecinos que repudiaban al dirigente del PRO fueron\u00a0agredidos por un grupo armado que dispar\u00f3 al aire.\u00a0\u00a0\u00a0\u00a0\u00a0\u00a0\u00a0<\/em><\/p>\n<p>Un tiroteo en las afueras del Concejo Deliberante de Lan\u00fas se produjo esta tarde poco antes de que el intendente, N\u00e9stor Grindetti, se presentara a brindar explicaciones por su vinculaci\u00f3n con la investigaci\u00f3n conocida como Panam\u00e1 Papers.<\/p>\n<p>Durante la \u00absesi\u00f3n informal se escucharon tiros y gritos que ven\u00edan de afuera\u00bb.<\/p>\n<p>De acuerdo a las fuentes consultadas, un grupo de vecinos y militantes de espacios opositores al Ejecutivo comunal repudiaba al dirigente del PRO, cuando irrumpi\u00f3 un grupo armado que dispar\u00f3 al aire.<\/p>\n<p>En tanto, el Frente Popular Dar\u00edo Santill\u00e1n denunci\u00f3 que \u00abun grupo de veinte hombres armados comenzaron a insultarlos y a disparar al aire varias veces\u00bb cuando se manifestaban en el lugar en repudio a Grindetti.<\/p>\n<p>\u00abDesde el Frente Popular Dario Santill\u00e1n denunciamos esta grave situaci\u00f3n y exigimos que N\u00e9stor Grindetti explique su situaci\u00f3n y de la cara. No vamos a amedrentarnos con amenazas\u00bb, indic\u00f3 la agrupaci\u00f3n en un comunicado.<\/p>\n","protected":false},"excerpt":{"rendered":"<p>\u00a0Ocurri\u00f3 antes que el intendente N\u00e9stor Grindetti se presentara a explicar su vinculaci\u00f3n con los \u00abPanam\u00e1 Papers\u00bb. Vecinos que repudiaban al dirigente del PRO fueron\u00a0agredidos por un grupo armado que dispar\u00f3 al aire.\u00a0\u00a0\u00a0\u00a0\u00a0\u00a0\u00a0 Un tiroteo en las afueras del Concejo Deliberante de Lan\u00fas se produjo esta tarde poco antes de que el intendente, N\u00e9stor Grindetti,&hellip;<\/p>\n","protected":false},"author":1,"featured_media":0,"comment_status":"open","ping_status":"open","sticky":false,"template":"","format":"standard","meta":{"footnotes":""},"categories":[13],"tags":[16587,209,5025,23312,3648,986],"class_list":["post-59118","post","type-post","status-publish","format-standard","hentry","category-politica","tag-hcd","tag-lanus","tag-nestor-grindetti","tag-panama-papers","tag-patota","tag-vecinos"],"_links":{"self":[{"href":"https:\/\/www.elsindical.com.ar\/notas\/wp-json\/wp\/v2\/posts\/59118","targetHints":{"allow":["GET"]}}],"collection":[{"href":"https:\/\/www.elsindical.com.ar\/notas\/wp-json\/wp\/v2\/posts"}],"about":[{"href":"https:\/\/www.elsindical.com.ar\/notas\/wp-json\/wp\/v2\/types\/post"}],"author":[{"embeddable":true,"href":"https:\/\/www.elsindical.com.ar\/notas\/wp-json\/wp\/v2\/users\/1"}],"replies":[{"embeddable":true,"href":"https:\/\/www.elsindical.com.ar\/notas\/wp-json\/wp\/v2\/comments?post=59118"}],"version-history":[{"count":1,"href":"https:\/\/www.elsindical.com.ar\/notas\/wp-json\/wp\/v2\/posts\/59118\/revisions"}],"predecessor-version":[{"id":59120,"href":"https:\/\/www.elsindical.com.ar\/notas\/wp-json\/wp\/v2\/posts\/59118\/revisions\/59120"}],"wp:attachment":[{"href":"https:\/\/www.elsindical.com.ar\/notas\/wp-json\/wp\/v2\/media?parent=59118"}],"wp:term":[{"taxonomy":"category","embeddable":true,"href":"https:\/\/www.elsindical.com.ar\/notas\/wp-json\/wp\/v2\/categories?post=59118"},{"taxonomy":"post_tag","embeddable":true,"href":"https:\/\/www.elsindical.com.ar\/notas\/wp-json\/wp\/v2\/tags?post=59118"}],"curies":[{"name":"wp","href":"https:\/\/api.w.org\/{rel}","templated":true}]}}