{"id":5909,"date":"2010-04-27T17:00:30","date_gmt":"2010-04-27T20:00:30","guid":{"rendered":"http:\/\/www.elsindical.com.ar\/notas\/?p=5909"},"modified":"2010-04-27T17:00:30","modified_gmt":"2010-04-27T20:00:30","slug":"tarde-de-robos-en-la-ciudad","status":"publish","type":"post","link":"https:\/\/www.elsindical.com.ar\/notas\/tarde-de-robos-en-la-ciudad\/","title":{"rendered":"Tarde de robos en la Ciudad"},"content":{"rendered":"<p style=\"text-align: justify;\"><em><a href=\"http:\/\/www.elsindical.com.ar\/notas\/var\/www\/html\/notas\/wp-content\/uploads\/2010\/04\/delincuentes-detenidos.jpg\"><img loading=\"lazy\" decoding=\"async\" class=\"alignleft size-full wp-image-5910\" title=\"delincuentes-detenidos\" src=\"http:\/\/www.elsindical.com.ar\/notas\/var\/www\/html\/notas\/wp-content\/uploads\/2010\/04\/delincuentes-detenidos.jpg\" alt=\"\" width=\"227\" height=\"136\" \/><\/a>Tres delincuentes fueron detenidos en Palermo cuando robaban cubiertas de veh\u00edculos estacionados. En tanto, <strong>dos inmuebles fueron asaltados en Caballito y una salidera bancaria se registr\u00f3 en el microcentro.<\/strong><\/em><\/p>\n<p style=\"text-align: justify;\">Tres delincuentes fueron detenidos esta tarde en la esquina de <strong>Soler y Humbolt, en pleno Palermo<\/strong>, donde intentaban robar los neum\u00e1ticos de un veh\u00edculo estacionado. Efectivos policiales lograron apresar a los maleantes en momentos en que se llevaban las cubiertas de una camioneta estacionada en el lugar.<\/p>\n<p>Un hecho violento sucedi\u00f3 tambi\u00e9n en el microcentro porte\u00f1o. Un intento de asalto se registr\u00f3 a la salida de un banco en la esquina de 25 de Mayo y Corrientes, cuando un grupo de empleados de una empresa de seguridad sac\u00f3 dinero para transportarlo a otra sucursal.<\/p>\n<p>Luego de disparos, <strong>los maleantes abandonaron los veh\u00edculos y las armas y se dieron a la fuga a bordo de una motocicleta.<\/p>\n<p><\/strong>En tanto, dos robos tuvieron lugar esta tarde en el barrio porte\u00f1o de Caballito. El primero fue en una casa situada en la calle <strong>Pedro Goyena <\/strong>mientras que a cinco cuadras del lugar un grupo de ladrones rob\u00f3\u00a0una casa, en\u00a0<strong>Emilio Mitre y Avenida Rivadavia.<\/strong><\/p>\n<p>Todo comenz\u00f3 cuando cuatro delincuentes armados llegaron hasta ese lugar y entraron a robar a una casa donde se encontraba una familia a la que<br \/>\namenazaron y redujeron.<\/p>\n<p>La maniobra fue advertida por alguien que alert\u00f3 a la Ppolic\u00eda, por lo que los efectivos de la seccional local arribaron enseguida.<\/p>\n<p>Seg\u00fan las fuentes policiales, ante la llegada de los efectivos los delincuentes huyeron por los techos de una vivienda vecina, <strong>donde dos de ellos fueron detenidos por los efectivos.<\/strong><\/p>\n","protected":false},"excerpt":{"rendered":"<p>Tres delincuentes fueron detenidos en Palermo cuando robaban cubiertas de veh\u00edculos estacionados. En tanto, dos inmuebles fueron asaltados en Caballito y una salidera bancaria se registr\u00f3 en el microcentro. Tres delincuentes fueron detenidos esta tarde en la esquina de Soler y Humbolt, en pleno Palermo, donde intentaban robar los neum\u00e1ticos de un veh\u00edculo estacionado. Efectivos&hellip;<\/p>\n","protected":false},"author":1,"featured_media":0,"comment_status":"open","ping_status":"open","sticky":false,"template":"","format":"standard","meta":{"footnotes":""},"categories":[22],"tags":[400,581,1801,1337,1174,409,238],"class_list":["post-5909","post","type-post","status-publish","format-standard","hentry","category-policiales","tag-caballito","tag-delincuentes","tag-microcentro","tag-palermo","tag-robos","tag-salidera","tag-tiroteo"],"_links":{"self":[{"href":"https:\/\/www.elsindical.com.ar\/notas\/wp-json\/wp\/v2\/posts\/5909","targetHints":{"allow":["GET"]}}],"collection":[{"href":"https:\/\/www.elsindical.com.ar\/notas\/wp-json\/wp\/v2\/posts"}],"about":[{"href":"https:\/\/www.elsindical.com.ar\/notas\/wp-json\/wp\/v2\/types\/post"}],"author":[{"embeddable":true,"href":"https:\/\/www.elsindical.com.ar\/notas\/wp-json\/wp\/v2\/users\/1"}],"replies":[{"embeddable":true,"href":"https:\/\/www.elsindical.com.ar\/notas\/wp-json\/wp\/v2\/comments?post=5909"}],"version-history":[{"count":2,"href":"https:\/\/www.elsindical.com.ar\/notas\/wp-json\/wp\/v2\/posts\/5909\/revisions"}],"predecessor-version":[{"id":5912,"href":"https:\/\/www.elsindical.com.ar\/notas\/wp-json\/wp\/v2\/posts\/5909\/revisions\/5912"}],"wp:attachment":[{"href":"https:\/\/www.elsindical.com.ar\/notas\/wp-json\/wp\/v2\/media?parent=5909"}],"wp:term":[{"taxonomy":"category","embeddable":true,"href":"https:\/\/www.elsindical.com.ar\/notas\/wp-json\/wp\/v2\/categories?post=5909"},{"taxonomy":"post_tag","embeddable":true,"href":"https:\/\/www.elsindical.com.ar\/notas\/wp-json\/wp\/v2\/tags?post=5909"}],"curies":[{"name":"wp","href":"https:\/\/api.w.org\/{rel}","templated":true}]}}