{"id":59025,"date":"2016-04-26T14:05:23","date_gmt":"2016-04-26T17:05:23","guid":{"rendered":"http:\/\/www.elsindical.com.ar\/notas\/?p=59025"},"modified":"2016-04-26T14:05:23","modified_gmt":"2016-04-26T17:05:23","slug":"ritondo-buscara-suspender-las-fiestas-electronicas-en-provincia","status":"publish","type":"post","link":"https:\/\/www.elsindical.com.ar\/notas\/ritondo-buscara-suspender-las-fiestas-electronicas-en-provincia\/","title":{"rendered":"Ritondo buscar\u00e1 suspender las fiestas electr\u00f3nicas en Provincia"},"content":{"rendered":"<p><em><a href=\"http:\/\/www.elsindical.com.ar\/notas\/var\/www\/html\/notas\/wp-content\/uploads\/2016\/04\/fiestas-electr\u00f3nicas.jpg\"><img loading=\"lazy\" decoding=\"async\" class=\"alignnone size-medium wp-image-59026\" src=\"http:\/\/www.elsindical.com.ar\/notas\/var\/www\/html\/notas\/wp-content\/uploads\/2016\/04\/fiestas-electr\u00f3nicas-300x169.jpg\" alt=\"fiestas-electr\u00f3nicas\" width=\"300\" height=\"169\" srcset=\"https:\/\/www.elsindical.com.ar\/notas\/var\/www\/html\/notas\/wp-content\/uploads\/2016\/04\/fiestas-electr\u00f3nicas-300x169.jpg 300w, https:\/\/www.elsindical.com.ar\/notas\/var\/www\/html\/notas\/wp-content\/uploads\/2016\/04\/fiestas-electr\u00f3nicas-500x282.jpg 500w, https:\/\/www.elsindical.com.ar\/notas\/var\/www\/html\/notas\/wp-content\/uploads\/2016\/04\/fiestas-electr\u00f3nicas.jpg 620w\" sizes=\"auto, (max-width: 300px) 100vw, 300px\" \/><\/a>\u00a0 El ministro de Seguridad bonaerense adelant\u00f3 que pretende emular la iniciativa anunciada por la Ciudad de Buenos Aires. \u201cNo podemos hacerlas de un lado s\u00ed y de otro lado no\u00bb, explic\u00f3.\u00a0\u00a0\u00a0\u00a0\u00a0<\/em><\/p>\n<p>El ministro de Seguridad bonaerense, Cristian Ritondo, adelant\u00f3 hoy que buscar\u00e1 que tambi\u00e9n se suspendan las fiestas electr\u00f3nicas en la provincia, luego de que en la Ciudad anunciaron la cancelaci\u00f3n de este tipo de eventos por tiempo indeterminado.<\/p>\n<p>\u00abSuspendida en la Ciudad de Buenos Aires, ma\u00f1ana tomaremos la determinaci\u00f3n con la gobernadora (Mar\u00eda Eugenia Vidal), pero yo creo que no podemos hacerlas de un lado s\u00ed y de otro lado no\u00bb, explic\u00f3 el funcionario sobre la medida adoptada por el gobierno porte\u00f1o tras la fiesta Time Warp en la que murieron cinco j\u00f3venes.<\/p>\n<p>No obstante, indic\u00f3 que en la Provincia no tienen pedidos de autorizaci\u00f3n de fiestas \u00abde la magnitud de las que se ve\u00edan en la ciudad de Buenos Aires\u00bb.<\/p>\n<p>Ritondo se\u00f1al\u00f3 que ma\u00f1ana habr\u00e1 una reuni\u00f3n de gabinete en la Provincia y all\u00ed discutir\u00e1n sobre las medidas que van a adoptar en este distrito frente a la problem\u00e1tica del consumo de drogas en fiestas.<\/p>\n<p>El ministro de Seguridad bonaerense tambi\u00e9n manifest\u00f3 que no comparte el reclamo para que se despenalice la droga porque, remarc\u00f3, \u00abantes hay que hacer todo un trabajo de educaci\u00f3n, de capacitaci\u00f3n y de poder de elecci\u00f3n que no tiene la mayor\u00eda de los argentinos\u00bb.<\/p>\n<p>Sostuvo que el problema que tiene la provincia de Buenos Aires \u00abson las fiestas clandestinas\u00bb que \u00abse comunican por redes sociales\u00bb y \u00abson dif\u00edciles de detectar\u00bb.<\/p>\n<p>Ayer, el jefe de Gobierno porte\u00f1o, Horacio Rodr\u00edguez Larreta, anunci\u00f3 que enviar\u00e1 un proyecto de ley a la Legislatura para reducir da\u00f1os y riesgos en fiestas electr\u00f3nicas y afirm\u00f3 que, mientras tanto, no dar\u00e1n nuevos permisos para esos eventos.<\/p>\n","protected":false},"excerpt":{"rendered":"<p>\u00a0 El ministro de Seguridad bonaerense adelant\u00f3 que pretende emular la iniciativa anunciada por la Ciudad de Buenos Aires. \u201cNo podemos hacerlas de un lado s\u00ed y de otro lado no\u00bb, explic\u00f3.\u00a0\u00a0\u00a0\u00a0\u00a0 El ministro de Seguridad bonaerense, Cristian Ritondo, adelant\u00f3 hoy que buscar\u00e1 que tambi\u00e9n se suspendan las fiestas electr\u00f3nicas en la provincia, luego de&hellip;<\/p>\n","protected":false},"author":1,"featured_media":0,"comment_status":"open","ping_status":"open","sticky":false,"template":"","format":"standard","meta":{"footnotes":""},"categories":[13],"tags":[14466,23483,7265],"class_list":["post-59025","post","type-post","status-publish","format-standard","hentry","category-politica","tag-cristian-ritondo","tag-fiestas-electronicas","tag-maria-eugenia-vidal"],"_links":{"self":[{"href":"https:\/\/www.elsindical.com.ar\/notas\/wp-json\/wp\/v2\/posts\/59025","targetHints":{"allow":["GET"]}}],"collection":[{"href":"https:\/\/www.elsindical.com.ar\/notas\/wp-json\/wp\/v2\/posts"}],"about":[{"href":"https:\/\/www.elsindical.com.ar\/notas\/wp-json\/wp\/v2\/types\/post"}],"author":[{"embeddable":true,"href":"https:\/\/www.elsindical.com.ar\/notas\/wp-json\/wp\/v2\/users\/1"}],"replies":[{"embeddable":true,"href":"https:\/\/www.elsindical.com.ar\/notas\/wp-json\/wp\/v2\/comments?post=59025"}],"version-history":[{"count":1,"href":"https:\/\/www.elsindical.com.ar\/notas\/wp-json\/wp\/v2\/posts\/59025\/revisions"}],"predecessor-version":[{"id":59027,"href":"https:\/\/www.elsindical.com.ar\/notas\/wp-json\/wp\/v2\/posts\/59025\/revisions\/59027"}],"wp:attachment":[{"href":"https:\/\/www.elsindical.com.ar\/notas\/wp-json\/wp\/v2\/media?parent=59025"}],"wp:term":[{"taxonomy":"category","embeddable":true,"href":"https:\/\/www.elsindical.com.ar\/notas\/wp-json\/wp\/v2\/categories?post=59025"},{"taxonomy":"post_tag","embeddable":true,"href":"https:\/\/www.elsindical.com.ar\/notas\/wp-json\/wp\/v2\/tags?post=59025"}],"curies":[{"name":"wp","href":"https:\/\/api.w.org\/{rel}","templated":true}]}}