{"id":59000,"date":"2016-04-25T13:25:09","date_gmt":"2016-04-25T16:25:09","guid":{"rendered":"http:\/\/www.elsindical.com.ar\/notas\/?p=59000"},"modified":"2016-04-25T13:25:09","modified_gmt":"2016-04-25T16:25:09","slug":"moyano-pedira-mas-del-30-por-ciento-de-aumento-en-paritarias","status":"publish","type":"post","link":"https:\/\/www.elsindical.com.ar\/notas\/moyano-pedira-mas-del-30-por-ciento-de-aumento-en-paritarias\/","title":{"rendered":"Moyano pedir\u00e1 m\u00e1s del 30 por ciento de aumento en paritarias"},"content":{"rendered":"<p class=\"copete\"><em>\u00a0<a href=\"http:\/\/www.elsindical.com.ar\/notas\/var\/www\/html\/notas\/wp-content\/uploads\/2012\/06\/Hugo-Moyano-CGT.jpg\"><img loading=\"lazy\" decoding=\"async\" class=\"alignnone size-medium wp-image-24806\" src=\"http:\/\/www.elsindical.com.ar\/notas\/var\/www\/html\/notas\/wp-content\/uploads\/2012\/06\/Hugo-Moyano-CGT-300x111.jpg\" alt=\"Hugo-Moyano-CGT\" width=\"300\" height=\"111\" srcset=\"https:\/\/www.elsindical.com.ar\/notas\/var\/www\/html\/notas\/wp-content\/uploads\/2012\/06\/Hugo-Moyano-CGT-300x111.jpg 300w, https:\/\/www.elsindical.com.ar\/notas\/var\/www\/html\/notas\/wp-content\/uploads\/2012\/06\/Hugo-Moyano-CGT.jpg 502w\" sizes=\"auto, (max-width: 300px) 100vw, 300px\" \/><\/a>\u00a0 \u00abEl mes que viene empezamos la discusi\u00f3n, vamos a hacer una evaluaci\u00f3n de la inflaci\u00f3n\u00bb, indic\u00f3 el titular del gremio de Camioneros.<\/em><\/p>\n<p>El l\u00edder del Sindicato de Choferes de Camioneros, <strong>Hugo Moyano<\/strong>, estim\u00f3 hoy que el gremio pedir\u00e1 \u00abm\u00e1s del 30\u00bb por ciento de aumento salarial en las paritarias y reivindic\u00f3 la protesta por el pase a esa organizaci\u00f3n de los trabajadores que est\u00e1n a cargo de los camiones de empresas de catering para aviones.<\/p>\n<p>\u00abEl mes que viene empezamos la discusi\u00f3n, vamos a hacer una evaluaci\u00f3n de la inflaci\u00f3n\u00bb, dijo Moyano y asegur\u00f3 que \u00abseguramente\u00bb el pedido del gremio<strong> \u00abva a ser\u00bb de \u00abm\u00e1s del 30\u00bb<\/strong> por ciento de incremento salarial.<\/p>\n<p>En declaraciones a radio Continental, respald\u00f3 adem\u00e1s el piquete que Camioneros realiz\u00f3 d\u00edas pasados en el aeropuerto de Ezeiza en reclamo del encuadramiento en esa organizaci\u00f3n de trabajadores de una empresa encargada del catering de aviones, en una medida de fuerza que fue levantada ante el inicio de un di\u00e1logo con el ministro de Trabajo, <strong>Jorge Triaca<\/strong>.<\/p>\n<p>El referente sindical record\u00f3 que \u00abese es un conflicto que viene de hace un par de a\u00f1os\u00bb y enfatiz\u00f3: \u00abNo estamos reclamando por los que hacen huevos fritos y papas fritas, sino por los que conducen camiones, que estaban en el gremio nuestro\u00bb.<\/p>\n<p>Tras se\u00f1alar que son \u00abalgo m\u00e1s de 100 trabajadores los que conducen y llevan los camiones a proveer a los aviones\u00bb, cuestion\u00f3 al ex presidente de Aerol\u00edneas Argentinas <strong>Mariano Recalde<\/strong> y al diputado kirchnerista <strong>H\u00e9ctor Recalde<\/strong>, ex abogado de la CGT, por haber orquestado una \u00abmaniobra\u00bb para instrumentar el \u00abpase\u00bb de esos empleados durante la administraci\u00f3n anterior.<\/p>\n<p>\u00abA trav\u00e9s de una maniobra que han revisado entre el ex presidente de Aerol\u00edneas y su padre, <strong>hicieron que pasen a otro gremio<\/strong>, que gana mucho menos que nosotros, y no tienen la responsabilidad que tiene un camionero\u00bb, subray\u00f3.<\/p>\n<p>Para Moyano, \u00abno se hubiera podido llevar adelante un conflicto como el de ayer si los trabajadores no estuvieran de acuerdo\u00bb, porque \u00abellos son los que repudian la actidud del ex presidente de Aerol\u00edneas y su padre de haberlos pasado a otra organizaci\u00f3n gremial\u00bb.<\/p>\n<p>\u00abLo de ayer es un conflicto que viene de hace tiempo y en el que el gobierno anterior, como en muchos otros conflictos, queriendo perjudicarme a m\u00ed, perjudica a la gente que trabaja\u00bb, concluy\u00f3. | Dyn.<\/p>\n","protected":false},"excerpt":{"rendered":"<p>\u00a0\u00a0 \u00abEl mes que viene empezamos la discusi\u00f3n, vamos a hacer una evaluaci\u00f3n de la inflaci\u00f3n\u00bb, indic\u00f3 el titular del gremio de Camioneros. El l\u00edder del Sindicato de Choferes de Camioneros, Hugo Moyano, estim\u00f3 hoy que el gremio pedir\u00e1 \u00abm\u00e1s del 30\u00bb por ciento de aumento salarial en las paritarias y reivindic\u00f3 la protesta por&hellip;<\/p>\n","protected":false},"author":1,"featured_media":0,"comment_status":"open","ping_status":"open","sticky":false,"template":"","format":"standard","meta":{"footnotes":""},"categories":[16],"tags":[1298,910,77],"class_list":["post-59000","post","type-post","status-publish","format-standard","hentry","category-gremiales","tag-camioneros","tag-cgt","tag-hugo-moyano"],"_links":{"self":[{"href":"https:\/\/www.elsindical.com.ar\/notas\/wp-json\/wp\/v2\/posts\/59000","targetHints":{"allow":["GET"]}}],"collection":[{"href":"https:\/\/www.elsindical.com.ar\/notas\/wp-json\/wp\/v2\/posts"}],"about":[{"href":"https:\/\/www.elsindical.com.ar\/notas\/wp-json\/wp\/v2\/types\/post"}],"author":[{"embeddable":true,"href":"https:\/\/www.elsindical.com.ar\/notas\/wp-json\/wp\/v2\/users\/1"}],"replies":[{"embeddable":true,"href":"https:\/\/www.elsindical.com.ar\/notas\/wp-json\/wp\/v2\/comments?post=59000"}],"version-history":[{"count":1,"href":"https:\/\/www.elsindical.com.ar\/notas\/wp-json\/wp\/v2\/posts\/59000\/revisions"}],"predecessor-version":[{"id":59001,"href":"https:\/\/www.elsindical.com.ar\/notas\/wp-json\/wp\/v2\/posts\/59000\/revisions\/59001"}],"wp:attachment":[{"href":"https:\/\/www.elsindical.com.ar\/notas\/wp-json\/wp\/v2\/media?parent=59000"}],"wp:term":[{"taxonomy":"category","embeddable":true,"href":"https:\/\/www.elsindical.com.ar\/notas\/wp-json\/wp\/v2\/categories?post=59000"},{"taxonomy":"post_tag","embeddable":true,"href":"https:\/\/www.elsindical.com.ar\/notas\/wp-json\/wp\/v2\/tags?post=59000"}],"curies":[{"name":"wp","href":"https:\/\/api.w.org\/{rel}","templated":true}]}}