{"id":58939,"date":"2016-04-21T19:17:25","date_gmt":"2016-04-21T22:17:25","guid":{"rendered":"http:\/\/www.elsindical.com.ar\/notas\/?p=58939"},"modified":"2016-04-21T19:17:50","modified_gmt":"2016-04-21T22:17:50","slug":"58939-2","status":"publish","type":"post","link":"https:\/\/www.elsindical.com.ar\/notas\/58939-2\/","title":{"rendered":"Muri\u00f3 el cantante Prince"},"content":{"rendered":"<p><em><a href=\"http:\/\/www.elsindical.com.ar\/notas\/var\/www\/html\/notas\/wp-content\/uploads\/2016\/04\/Prince.jpg\"><img loading=\"lazy\" decoding=\"async\" class=\"alignnone size-medium wp-image-58940\" src=\"http:\/\/www.elsindical.com.ar\/notas\/var\/www\/html\/notas\/wp-content\/uploads\/2016\/04\/Prince-300x225.jpg\" alt=\"Prince\" width=\"300\" height=\"225\" srcset=\"https:\/\/www.elsindical.com.ar\/notas\/var\/www\/html\/notas\/wp-content\/uploads\/2016\/04\/Prince-300x225.jpg 300w, https:\/\/www.elsindical.com.ar\/notas\/var\/www\/html\/notas\/wp-content\/uploads\/2016\/04\/Prince-400x300.jpg 400w, https:\/\/www.elsindical.com.ar\/notas\/var\/www\/html\/notas\/wp-content\/uploads\/2016\/04\/Prince.jpg 738w\" sizes=\"auto, (max-width: 300px) 100vw, 300px\" \/><\/a>\u00a0 El autor de <b>Purple Rain <\/b>estaba en su casa de Minnesota. Ten\u00eda 57 a\u00f1os y hab\u00eda sido hospitalizado seis d\u00edas atr\u00e1s. <b>Luchaba contra una enfermedad pulmonar.<\/b><\/em><\/p>\n<p>A los 57 a\u00f1os muri\u00f3 el m\u00fasico estadounidense Prince (Prince Rogers Nelson) en su mansi\u00f3n de Paisley Park, Minnesota, donde viv\u00eda desde hac\u00eda d\u00e9cadas. <a href=\"http:\/\/www.tmz.com\/2016\/04\/21\/prince-dead-at-57\/\">Seg\u00fan <i>TMZ<\/i>, el portal que tuvo la primicia<\/a><b>, fue hallado sin vida en un ascensor.<\/b><\/p>\n<div>\n<div>Prince, uno de los artistas m\u00e1s exitosos de todos los tiempos, falleci\u00f3 este jueves en su hogar de la localidad de Chanhassen, confirm\u00f3 su publicista, Yvette Noel-Schure, en un comunicado. <b>\u00abCon profunda tristeza confirmo que el legendario e ic\u00f3nico artista Prince Rogers Nelson falleci\u00f3 en su residencia de Paisley Park esta ma\u00f1ana\u00bb,<\/b> explic\u00f3 el representante.<\/div>\n<div>\n<div><\/div>\n<div>Agentes de la Polic\u00eda del Condado de Carver se encuentran en la mansi\u00f3n, donde el m\u00fasico tambi\u00e9n ten\u00eda su estudio de grabaci\u00f3n, para investigar \u00ablas circunstancias de la muerte\u00bb.<\/div>\n<\/div>\n<\/div>\n<div><\/div>\n<div>\n<div>El pasado 15 de abril, mientas volaba en su jet privado, el piloto de la aeronave debi\u00f3 aterrizar de emergencia para que Prince fuera atendido de urgencia. Al d\u00eda siguiente se present\u00f3 en un concierto y aclar\u00f3 a sus fans que se encontraba en perfecto estado.<\/div>\n<div><\/div>\n<div>\n<div>El artista, nacido en Minneapolis, irrumpi\u00f3 en la escena musical en la d\u00e9cada de 1970 y alcanz\u00f3 la fama mundial una d\u00e9cada despu\u00e9s con \u00e1lbumes eternos como \u00ab1999\u00bb o \u00abPurple Rain\u00bb.<\/div>\n<\/div>\n<\/div>\n<div><\/div>\n<div>A lo largo de su prol\u00edfica carrera, Prince vendi\u00f3 m\u00e1s de 40 millones de discos s\u00f3lo en los Estados Unidos y m\u00e1s de 100 millones en el resto del mundo. En total edit\u00f3 45 \u00e1lbumes desde 1978 cuando, con \u00abFor You\u00bb, se hizo popular entre el p\u00fablico norteamericano. El \u00faltimo material fue \u00abHit N Run Face to\u00bb en 2015.<\/div>\n<div><\/div>\n<div>Su mayor \u00e9xito fue \u00abPurple Rain\u00bb en 1984 que gan\u00f3 diversos premios entre los que se destacan el Oscar como Mejor Banda Sonora por la pel\u00edcula que lleva ese mismo nombre.<\/div>\n<div><\/div>\n<div>\n<div>\n<div>\n<div title=\"21\/4\/16 14:13\" data-tooltip=\"21\/4\/16 14:13\">Por el momento no hay m\u00e1s informaci\u00f3n disponible sobre las causas del fallecimiento.<\/div>\n<\/div>\n<\/div>\n<\/div>\n<p><iframe loading=\"lazy\" src=\"https:\/\/www.youtube.com\/embed\/RC34ZcDiCag\" width=\"580\" height=\"420\" frameborder=\"0\" allowfullscreen=\"allowfullscreen\"><\/iframe><br \/>\n<iframe loading=\"lazy\" src=\"https:\/\/www.youtube.com\/embed\/F8BMm6Jn6oU\" width=\"580\" height=\"420\" frameborder=\"0\" allowfullscreen=\"allowfullscreen\"><\/iframe><\/p>\n","protected":false},"excerpt":{"rendered":"<p>\u00a0 El autor de Purple Rain estaba en su casa de Minnesota. Ten\u00eda 57 a\u00f1os y hab\u00eda sido hospitalizado seis d\u00edas atr\u00e1s. Luchaba contra una enfermedad pulmonar. A los 57 a\u00f1os muri\u00f3 el m\u00fasico estadounidense Prince (Prince Rogers Nelson) en su mansi\u00f3n de Paisley Park, Minnesota, donde viv\u00eda desde hac\u00eda d\u00e9cadas. Seg\u00fan TMZ, el portal&hellip;<\/p>\n","protected":false},"author":1,"featured_media":0,"comment_status":"open","ping_status":"open","sticky":false,"template":"","format":"standard","meta":{"footnotes":""},"categories":[15],"tags":[481,15631,23471],"class_list":["post-58939","post","type-post","status-publish","format-standard","hentry","category-espectaculos","tag-cantante","tag-prince","tag-purple-rain"],"_links":{"self":[{"href":"https:\/\/www.elsindical.com.ar\/notas\/wp-json\/wp\/v2\/posts\/58939","targetHints":{"allow":["GET"]}}],"collection":[{"href":"https:\/\/www.elsindical.com.ar\/notas\/wp-json\/wp\/v2\/posts"}],"about":[{"href":"https:\/\/www.elsindical.com.ar\/notas\/wp-json\/wp\/v2\/types\/post"}],"author":[{"embeddable":true,"href":"https:\/\/www.elsindical.com.ar\/notas\/wp-json\/wp\/v2\/users\/1"}],"replies":[{"embeddable":true,"href":"https:\/\/www.elsindical.com.ar\/notas\/wp-json\/wp\/v2\/comments?post=58939"}],"version-history":[{"count":2,"href":"https:\/\/www.elsindical.com.ar\/notas\/wp-json\/wp\/v2\/posts\/58939\/revisions"}],"predecessor-version":[{"id":58942,"href":"https:\/\/www.elsindical.com.ar\/notas\/wp-json\/wp\/v2\/posts\/58939\/revisions\/58942"}],"wp:attachment":[{"href":"https:\/\/www.elsindical.com.ar\/notas\/wp-json\/wp\/v2\/media?parent=58939"}],"wp:term":[{"taxonomy":"category","embeddable":true,"href":"https:\/\/www.elsindical.com.ar\/notas\/wp-json\/wp\/v2\/categories?post=58939"},{"taxonomy":"post_tag","embeddable":true,"href":"https:\/\/www.elsindical.com.ar\/notas\/wp-json\/wp\/v2\/tags?post=58939"}],"curies":[{"name":"wp","href":"https:\/\/api.w.org\/{rel}","templated":true}]}}