{"id":58937,"date":"2016-04-21T12:15:32","date_gmt":"2016-04-21T15:15:32","guid":{"rendered":"http:\/\/www.elsindical.com.ar\/notas\/?p=58937"},"modified":"2016-04-21T12:15:32","modified_gmt":"2016-04-21T15:15:32","slug":"medicos-de-la-cicop-paran-en-los-80-hospitales-bonaerenses","status":"publish","type":"post","link":"https:\/\/www.elsindical.com.ar\/notas\/medicos-de-la-cicop-paran-en-los-80-hospitales-bonaerenses\/","title":{"rendered":"M\u00e9dicos de la CICOP paran en los 80 hospitales bonaerenses"},"content":{"rendered":"<p class=\"copete\"><em>\u00a0<a href=\"http:\/\/www.elsindical.com.ar\/notas\/var\/www\/html\/notas\/wp-content\/uploads\/2011\/09\/Logo-CICOP.jpg\"><img loading=\"lazy\" decoding=\"async\" class=\"alignnone size-medium wp-image-16728\" src=\"http:\/\/www.elsindical.com.ar\/notas\/var\/www\/html\/notas\/wp-content\/uploads\/2011\/09\/Logo-CICOP-300x115.jpg\" alt=\"Logo-CICOP\" width=\"300\" height=\"115\" srcset=\"https:\/\/www.elsindical.com.ar\/notas\/var\/www\/html\/notas\/wp-content\/uploads\/2011\/09\/Logo-CICOP-300x115.jpg 300w, https:\/\/www.elsindical.com.ar\/notas\/var\/www\/html\/notas\/wp-content\/uploads\/2011\/09\/Logo-CICOP.jpg 413w\" sizes=\"auto, (max-width: 300px) 100vw, 300px\" \/><\/a> Los trabajadores cumplir\u00e1n 72 horas en toda la semana. Reclaman mejoras salariales y en las condiciones laborales.<\/em><\/p>\n<p>La <strong>Asociaci\u00f3n Sindical de Profesionales de la Salud (CICOP)<\/strong> inici\u00f3 este jueves un paro por 48 horas que se suma a la medida de fuerza realizada el pasado martes en forma conjunta con la Asociaci\u00f3n Trabajadores del Estado (ATE) y la CTA Aut\u00f3noma.<\/p>\n<p>El reclamo <strong>afectar\u00e1 la actividad en los 80 hospitales p\u00fablicos<\/strong> y centros de salud de la provincia de Buenos aires. Los trabajadores reclaman al gobierno de Maria Eugenia Vidal un <strong>aumento salarial <\/strong>que supere la \u00abinsufienciente\u00bb la oferta salarial realizada en el marco de las paritarias.<\/p>\n<p>Adem\u00e1s, el gremio que lidera <strong>Fernando Corsiglia<\/strong> pidi\u00f3 mejoras en las condiciones de trabajo y las incorporaciones de profesionales en \u00e1reas cr\u00edticas como pediatr\u00eda, neonatolog\u00eda, terapia intensiva y cl\u00ednica de guardia, \u00abque hoy debido a la baja pauta salarial est\u00e1n faltando\u00bb.<\/p>\n<p>\u00abTambi\u00e9n <strong>reclamamos se adopten medidas de seguridad<\/strong> para garantizar nuestro trabajo, ya que hoy tenemos un episodio de violencia por semana; y que se restablezca la provisi\u00f3n de insumos\u00bb, remarc\u00f3 el dirigente sindical a T\u00e9lam.<\/p>\n<p>El pr\u00f3ximo s\u00e1bado se reunir\u00e1 el<strong> Congreso de Delegados<\/strong> en la sede de la CTA Aut\u00f3noma en Capital Federal para <strong>definir la continuidad del plan de lucha<\/strong> y los pasos a seguir, mientras quedan a la espera de una nueva convocatoria a negociaci\u00f3n por parte del Ejecutivo bonaerense.<\/p>\n","protected":false},"excerpt":{"rendered":"<p>\u00a0 Los trabajadores cumplir\u00e1n 72 horas en toda la semana. Reclaman mejoras salariales y en las condiciones laborales. La Asociaci\u00f3n Sindical de Profesionales de la Salud (CICOP) inici\u00f3 este jueves un paro por 48 horas que se suma a la medida de fuerza realizada el pasado martes en forma conjunta con la Asociaci\u00f3n Trabajadores del&hellip;<\/p>\n","protected":false},"author":1,"featured_media":0,"comment_status":"open","ping_status":"open","sticky":false,"template":"","format":"standard","meta":{"footnotes":""},"categories":[16],"tags":[290,291,184,441,67],"class_list":["post-58937","post","type-post","status-publish","format-standard","hentry","category-gremiales","tag-ate","tag-cicop","tag-cta","tag-hospitales","tag-paro"],"_links":{"self":[{"href":"https:\/\/www.elsindical.com.ar\/notas\/wp-json\/wp\/v2\/posts\/58937","targetHints":{"allow":["GET"]}}],"collection":[{"href":"https:\/\/www.elsindical.com.ar\/notas\/wp-json\/wp\/v2\/posts"}],"about":[{"href":"https:\/\/www.elsindical.com.ar\/notas\/wp-json\/wp\/v2\/types\/post"}],"author":[{"embeddable":true,"href":"https:\/\/www.elsindical.com.ar\/notas\/wp-json\/wp\/v2\/users\/1"}],"replies":[{"embeddable":true,"href":"https:\/\/www.elsindical.com.ar\/notas\/wp-json\/wp\/v2\/comments?post=58937"}],"version-history":[{"count":1,"href":"https:\/\/www.elsindical.com.ar\/notas\/wp-json\/wp\/v2\/posts\/58937\/revisions"}],"predecessor-version":[{"id":58938,"href":"https:\/\/www.elsindical.com.ar\/notas\/wp-json\/wp\/v2\/posts\/58937\/revisions\/58938"}],"wp:attachment":[{"href":"https:\/\/www.elsindical.com.ar\/notas\/wp-json\/wp\/v2\/media?parent=58937"}],"wp:term":[{"taxonomy":"category","embeddable":true,"href":"https:\/\/www.elsindical.com.ar\/notas\/wp-json\/wp\/v2\/categories?post=58937"},{"taxonomy":"post_tag","embeddable":true,"href":"https:\/\/www.elsindical.com.ar\/notas\/wp-json\/wp\/v2\/tags?post=58937"}],"curies":[{"name":"wp","href":"https:\/\/api.w.org\/{rel}","templated":true}]}}