{"id":58885,"date":"2016-04-19T01:57:25","date_gmt":"2016-04-19T04:57:25","guid":{"rendered":"http:\/\/www.elsindical.com.ar\/notas\/?p=58885"},"modified":"2016-04-19T01:57:25","modified_gmt":"2016-04-19T04:57:25","slug":"cristina-se-reunio-con-intendentes-y-los-alento-a-seguir-trabajando","status":"publish","type":"post","link":"https:\/\/www.elsindical.com.ar\/notas\/cristina-se-reunio-con-intendentes-y-los-alento-a-seguir-trabajando\/","title":{"rendered":"Cristina se reuni\u00f3 con intendentes y los alent\u00f3 a seguir trabajando"},"content":{"rendered":"<p><a href=\"http:\/\/www.elsindical.com.ar\/notas\/var\/www\/html\/notas\/wp-content\/uploads\/2016\/04\/Cristina-Casa-Patria-Pueblo.jpg\"><img loading=\"lazy\" decoding=\"async\" class=\"alignnone size-medium wp-image-58886\" src=\"http:\/\/www.elsindical.com.ar\/notas\/var\/www\/html\/notas\/wp-content\/uploads\/2016\/04\/Cristina-Casa-Patria-Pueblo-300x158.jpg\" alt=\"Cristina-Casa-Patria-Pueblo\" width=\"300\" height=\"158\" srcset=\"https:\/\/www.elsindical.com.ar\/notas\/var\/www\/html\/notas\/wp-content\/uploads\/2016\/04\/Cristina-Casa-Patria-Pueblo-300x158.jpg 300w, https:\/\/www.elsindical.com.ar\/notas\/var\/www\/html\/notas\/wp-content\/uploads\/2016\/04\/Cristina-Casa-Patria-Pueblo-500x263.jpg 500w, https:\/\/www.elsindical.com.ar\/notas\/var\/www\/html\/notas\/wp-content\/uploads\/2016\/04\/Cristina-Casa-Patria-Pueblo.jpg 620w\" sizes=\"auto, (max-width: 300px) 100vw, 300px\" \/><\/a>\u00a0\u00a0 Durante una reuni\u00f3n con los jefes comunales bonaerenses del Frente para la Victoria, la ex presidenta inst\u00f3\u00a0a construir un Frente Ciudadano con todas las fuerzas progresistas. <strong>Fern\u00e1ndez de Kirchner<\/strong> aclar\u00f3 que no pretende \u00ab<em>conducir, sino colaborar<\/em>\u00ab.<\/p>\n<p>El mensaje de la ex presidenta <strong>Cristina Fern\u00e1ndez de Kirchner<\/strong> para los 45 intendentes bonaerenses del Frente para la Victoria que dieron el presente en el Instituto Patria fue el mismo que para los diputados la semana pasada. Hay que \u201c<em>juntarse y estar con la gente en sus problemas cotidianos<\/em>\u201d para construir el Frente Ciudadano con miras a las elecciones de 2017.<\/p>\n<p>A metros del Congreso, Cristina reflexion\u00f3 junto a los jefes municipales sobre la situaci\u00f3n del peronismo, espacio que, seg\u00fan ella misma aclar\u00f3, no pretende \u201c<em>conducir sino colaborar<\/em>\u201d con la situaci\u00f3n en la que se encuentra tras la derrota en las elecciones presidenciales. \u201c<em>No quiero que salgan y digan Cristina conducci\u00f3n. No les pido eso<\/em>\u201d, dijo uno de los participantes a \u201c<em><strong>Cr\u00f3nica<\/strong><\/em>\u201d.<\/p>\n<p><u><strong>Presentes y ausentes<\/strong><\/u><\/p>\n<p>Las invitaciones fueron repartidas a 55 jefes municipales la semana pasada, pero este lunes hubo s\u00f3lo tres ausentes para escuchar las palabras de la ex mandataria y las disertaciones de sus pares sobre las problem\u00e1ticas econ\u00f3micas y sociales que afronta cada distrito desde la asunci\u00f3n del gobierno macrista.<\/p>\n<p>El ex ministro de Seguridad bonaerense e intendente de Ezeiza, <strong>Alejandro Granados<\/strong>; el jefe comunal de Jos\u00e9 C. Paz, <strong>Mario Ishii<\/strong>, y <strong>Ricardo Alessandro<\/strong>, de la municipalidad de Salto, pegaron el faltazo.<\/p>\n<p><u><strong>Di\u00e1logo con \u201cdialoguistas\u201d<\/strong><\/u><\/p>\n<p>Hab\u00eda mucha expectativa por la presencia de un grupo de intendentes que supo sellar algunos acuerdos con el gobierno que actualmente encabeza <strong>Mar\u00eda Eugenia Vidal<\/strong> a cambio de conseguir fondos municipales. Un claro ejemplo fue la votaci\u00f3n del Presupuesto, que gener\u00f3 todo tipo de cortocircuitos internos en el Frente para la Victoria.<\/p>\n<p>Los llamados \u201cdialoguistas\u201d recibieron el apoyo de la ex jefa de Estado durante la reuni\u00f3n. En di\u00e1logo con \u201c<em><strong>Cr\u00f3nica<\/strong><\/em>\u201d, <strong>Gustavo Men\u00e9ndez<\/strong> (Merlo), integrante del grupo, cont\u00f3 que Cristina \u201c<em>nos escuch\u00f3 y apoya que dialoguemos<\/em>\u201d, pero aclar\u00f3 que \u201c<em>no hay que casarse<\/em>\u201d. Para el merlense, la ex mandataria entiende que \u201c<em>en Buenos Aires, la salud, la educaci\u00f3n, todo depende de los fondos del gobierno provincial<\/em>\u201d.<\/p>\n<p>En tanto, otro de los presentes se sorprendi\u00f3 por la autocr\u00edtica de la santacruce\u00f1a: \u201c<em>Cuando gan\u00e9 fue con ustedes, ahora yo soy responsable de la derrota tambi\u00e9n. Hay que corregir los errores, y tenemos que hacerlo con la gente<\/em>\u201d, se escuch\u00f3 en el Instituo Patria. Para muchos, igual, lo m\u00e1s importante lleg\u00f3 al final: \u201c<em>Yo soy y ser\u00e9 peronista, pero tenemos que construir desde y m\u00e1s all\u00e1 del partido, con los que votaron a Macri y hoy se arrepienten<\/em>\u201d.<\/p>\n<p>&nbsp;<\/p>\n<p><strong>Fuente: Cr\u00f3nica<\/strong><\/p>\n","protected":false},"excerpt":{"rendered":"<p>\u00a0\u00a0 Durante una reuni\u00f3n con los jefes comunales bonaerenses del Frente para la Victoria, la ex presidenta inst\u00f3\u00a0a construir un Frente Ciudadano con todas las fuerzas progresistas. Fern\u00e1ndez de Kirchner aclar\u00f3 que no pretende \u00abconducir, sino colaborar\u00ab. El mensaje de la ex presidenta Cristina Fern\u00e1ndez de Kirchner para los 45 intendentes bonaerenses del Frente para&hellip;<\/p>\n","protected":false},"author":1,"featured_media":0,"comment_status":"open","ping_status":"open","sticky":false,"template":"","format":"standard","meta":{"footnotes":""},"categories":[13],"tags":[1205,23459,4050],"class_list":["post-58885","post","type-post","status-publish","format-standard","hentry","category-politica","tag-cristina-fernandez-de-kirchner","tag-instituto-patria","tag-intendentes"],"_links":{"self":[{"href":"https:\/\/www.elsindical.com.ar\/notas\/wp-json\/wp\/v2\/posts\/58885","targetHints":{"allow":["GET"]}}],"collection":[{"href":"https:\/\/www.elsindical.com.ar\/notas\/wp-json\/wp\/v2\/posts"}],"about":[{"href":"https:\/\/www.elsindical.com.ar\/notas\/wp-json\/wp\/v2\/types\/post"}],"author":[{"embeddable":true,"href":"https:\/\/www.elsindical.com.ar\/notas\/wp-json\/wp\/v2\/users\/1"}],"replies":[{"embeddable":true,"href":"https:\/\/www.elsindical.com.ar\/notas\/wp-json\/wp\/v2\/comments?post=58885"}],"version-history":[{"count":1,"href":"https:\/\/www.elsindical.com.ar\/notas\/wp-json\/wp\/v2\/posts\/58885\/revisions"}],"predecessor-version":[{"id":58887,"href":"https:\/\/www.elsindical.com.ar\/notas\/wp-json\/wp\/v2\/posts\/58885\/revisions\/58887"}],"wp:attachment":[{"href":"https:\/\/www.elsindical.com.ar\/notas\/wp-json\/wp\/v2\/media?parent=58885"}],"wp:term":[{"taxonomy":"category","embeddable":true,"href":"https:\/\/www.elsindical.com.ar\/notas\/wp-json\/wp\/v2\/categories?post=58885"},{"taxonomy":"post_tag","embeddable":true,"href":"https:\/\/www.elsindical.com.ar\/notas\/wp-json\/wp\/v2\/tags?post=58885"}],"curies":[{"name":"wp","href":"https:\/\/api.w.org\/{rel}","templated":true}]}}