{"id":58858,"date":"2016-04-17T23:23:33","date_gmt":"2016-04-18T02:23:33","guid":{"rendered":"http:\/\/www.elsindical.com.ar\/notas\/?p=58858"},"modified":"2016-04-17T23:23:33","modified_gmt":"2016-04-18T02:23:33","slug":"brasil-dilma-a-juicio-politico-lo-aprobo-diputados-y-ahora-pasa-al-senado","status":"publish","type":"post","link":"https:\/\/www.elsindical.com.ar\/notas\/brasil-dilma-a-juicio-politico-lo-aprobo-diputados-y-ahora-pasa-al-senado\/","title":{"rendered":"Brasil: Dilma a juicio pol\u00edtico, lo aprob\u00f3 diputados y ahora pasa al senado"},"content":{"rendered":"<p><em><a href=\"http:\/\/www.elsindical.com.ar\/notas\/var\/www\/html\/notas\/wp-content\/uploads\/2016\/04\/diputados-Brasil.jpg\"><img loading=\"lazy\" decoding=\"async\" class=\"alignnone size-medium wp-image-58859\" src=\"http:\/\/www.elsindical.com.ar\/notas\/var\/www\/html\/notas\/wp-content\/uploads\/2016\/04\/diputados-Brasil-300x188.jpg\" alt=\"diputados-Brasil\" width=\"300\" height=\"188\" srcset=\"https:\/\/www.elsindical.com.ar\/notas\/var\/www\/html\/notas\/wp-content\/uploads\/2016\/04\/diputados-Brasil-300x188.jpg 300w, https:\/\/www.elsindical.com.ar\/notas\/var\/www\/html\/notas\/wp-content\/uploads\/2016\/04\/diputados-Brasil-479x300.jpg 479w, https:\/\/www.elsindical.com.ar\/notas\/var\/www\/html\/notas\/wp-content\/uploads\/2016\/04\/diputados-Brasil.jpg 620w\" sizes=\"auto, (max-width: 300px) 100vw, 300px\" \/><\/a>\u00a0 Los l\u00edderes del Partido de los Trabajadores (PT) criticaron a los ex aliados del bloque, que votaron a favor del juicio pol\u00edtico contra la presidente de Brasil.<\/em><\/p>\n<p>El l\u00edder de la bancada oficialista en la C\u00e1mara de Diputados de Brasil, Jos\u00e9 Guimaraes, <b>admiti\u00f3 la victoria de los partidarios del impeachment <\/b>de la presidenta Dilma Rousseff en la votaci\u00f3n de este domingo.<\/p>\n<p><b>\u00abLos golpistas vencieron aqu\u00ed en la C\u00e1mara\u00bb<\/b>, pero \u00abesta derrota provisoria no significa que termin\u00f3 la guerra\u00bb, dijo a periodistas Guimaraes, cuando los partidarios del impeachment llevaban una ventaja de m\u00e1s de 200 votos.<\/p>\n<p>\u00abEn un momento como este tenemos que tener tranquilidad, humildad, hablar con el pa\u00eds. <b> La lucha continua en las calles y en el Senado<\/b>\u00ab, agreg\u00f3 Guimaraes, vicepresidente del Partido de los Trabajadores (PT).<\/p>\n<div>La presidente de Brasil, <b>Dilma Rousseff<\/b>, y su antecesor, <b>Luiz Ignacio Lula da Silva<\/b>, siguen juntos la votaci\u00f3n en la c\u00e1mara de Diputados contra la jefe de Estado, en la biblioteca del Palacio presidencial.<\/div>\n<p>Seg\u00fan consigna <i>Folha do Sao Paulo<\/i>, Lula asegur\u00f3 que<b> se siente \u00abdecepcionado\u00bb<\/b> por la votaci\u00f3n a favor del impeachment que emiti\u00f3 el ex ministro de Transportes,<b> Alfredo Nascimiento.<\/b><\/p>\n<p>Para los l\u00edderes del PT el sufragio a favor de la oposici\u00f3n <b>es una venganza<\/b> por haber sido despedido por Dilma en 2011.<\/p>\n<p>Las \u00abtraiciones\u00bb del Partido Social Dem\u00f3crata (PSD) tambi\u00e9n frustraron al equipo de la mandataria, que apunt\u00f3 contra el presidente del partido, <b>Gilberto Kassab<\/b>, y contra <b>Ciro Nogueira<\/b>, n\u00famero uno del PP.<\/p>\n<p>De acuerdo a lo informado por ese medio,<b> el \u00e1nimo en el seno del PT es de consternaci\u00f3n<\/b>, aunque algunos admiten que la victoria en la votaci\u00f3n en la c\u00e1mara Baja es casi imposible.<\/p>\n<p>La c\u00e1mara de Diputados vota por el juicio pol\u00edtico contra la presidente. En caso de ser aprobado, <b>el proceso llegar\u00e1 al Senado<\/b>, que tendr\u00e1 diez d\u00edas para someterlo a votaci\u00f3n.<\/p>\n<p>Durante las largas horas de debate y votaci\u00f3n en el recinto, miles de brasile\u00f1os se concentraron en las principales ciudades del pa\u00eds<b> para manifestarse a favor y en contra de Rousseff<\/b>.<\/p>\n","protected":false},"excerpt":{"rendered":"<p>\u00a0 Los l\u00edderes del Partido de los Trabajadores (PT) criticaron a los ex aliados del bloque, que votaron a favor del juicio pol\u00edtico contra la presidente de Brasil. El l\u00edder de la bancada oficialista en la C\u00e1mara de Diputados de Brasil, Jos\u00e9 Guimaraes, admiti\u00f3 la victoria de los partidarios del impeachment de la presidenta Dilma&hellip;<\/p>\n","protected":false},"author":1,"featured_media":0,"comment_status":"open","ping_status":"open","sticky":false,"template":"","format":"standard","meta":{"footnotes":""},"categories":[18],"tags":[95,4826,1377,23454,23453,15770],"class_list":["post-58858","post","type-post","status-publish","format-standard","hentry","category-internacionales","tag-brasil","tag-dilma-rousseff","tag-diputados","tag-impeachment","tag-luis-ignacio-lula-da-silva","tag-pt"],"_links":{"self":[{"href":"https:\/\/www.elsindical.com.ar\/notas\/wp-json\/wp\/v2\/posts\/58858","targetHints":{"allow":["GET"]}}],"collection":[{"href":"https:\/\/www.elsindical.com.ar\/notas\/wp-json\/wp\/v2\/posts"}],"about":[{"href":"https:\/\/www.elsindical.com.ar\/notas\/wp-json\/wp\/v2\/types\/post"}],"author":[{"embeddable":true,"href":"https:\/\/www.elsindical.com.ar\/notas\/wp-json\/wp\/v2\/users\/1"}],"replies":[{"embeddable":true,"href":"https:\/\/www.elsindical.com.ar\/notas\/wp-json\/wp\/v2\/comments?post=58858"}],"version-history":[{"count":1,"href":"https:\/\/www.elsindical.com.ar\/notas\/wp-json\/wp\/v2\/posts\/58858\/revisions"}],"predecessor-version":[{"id":58860,"href":"https:\/\/www.elsindical.com.ar\/notas\/wp-json\/wp\/v2\/posts\/58858\/revisions\/58860"}],"wp:attachment":[{"href":"https:\/\/www.elsindical.com.ar\/notas\/wp-json\/wp\/v2\/media?parent=58858"}],"wp:term":[{"taxonomy":"category","embeddable":true,"href":"https:\/\/www.elsindical.com.ar\/notas\/wp-json\/wp\/v2\/categories?post=58858"},{"taxonomy":"post_tag","embeddable":true,"href":"https:\/\/www.elsindical.com.ar\/notas\/wp-json\/wp\/v2\/tags?post=58858"}],"curies":[{"name":"wp","href":"https:\/\/api.w.org\/{rel}","templated":true}]}}