{"id":58846,"date":"2016-04-17T15:31:05","date_gmt":"2016-04-17T18:31:05","guid":{"rendered":"http:\/\/www.elsindical.com.ar\/notas\/?p=58846"},"modified":"2016-04-17T15:31:05","modified_gmt":"2016-04-17T18:31:05","slug":"confirman-la-llegada-de-axl-rose-a-acdc-para-una-gira-europea","status":"publish","type":"post","link":"https:\/\/www.elsindical.com.ar\/notas\/confirman-la-llegada-de-axl-rose-a-acdc-para-una-gira-europea\/","title":{"rendered":"Confirman la llegada de Axl Rose a AC\/DC para una gira europea"},"content":{"rendered":"<p><em><a href=\"http:\/\/www.elsindical.com.ar\/notas\/var\/www\/html\/notas\/wp-content\/uploads\/2016\/04\/Axel-Rose.jpg\"><img loading=\"lazy\" decoding=\"async\" class=\"alignnone size-medium wp-image-58847\" src=\"http:\/\/www.elsindical.com.ar\/notas\/var\/www\/html\/notas\/wp-content\/uploads\/2016\/04\/Axel-Rose-300x150.jpg\" alt=\"Axel-Rose\" width=\"300\" height=\"150\" srcset=\"https:\/\/www.elsindical.com.ar\/notas\/var\/www\/html\/notas\/wp-content\/uploads\/2016\/04\/Axel-Rose-300x150.jpg 300w, https:\/\/www.elsindical.com.ar\/notas\/var\/www\/html\/notas\/wp-content\/uploads\/2016\/04\/Axel-Rose-500x250.jpg 500w, https:\/\/www.elsindical.com.ar\/notas\/var\/www\/html\/notas\/wp-content\/uploads\/2016\/04\/Axel-Rose.jpg 738w\" sizes=\"auto, (max-width: 300px) 100vw, 300px\" \/><\/a>\u00a0 El cantante reemplazar\u00e1 a Brian Johnson durante una serie de presentaciones en Europa pero no dejar\u00e1 sus compromisos con Guns N&#8217;Roses.<\/em><\/p>\n<p>El famoso y pol\u00e9mico<b> l\u00edder del grupo estadounidense Guns N&#8217;Roses, Axl Rose, ser\u00e1 el vocalista de la banda de rock AC\/DC durante la pr\u00f3xima gira europea<\/b> que comenzar\u00e1 en Portugal y acabar\u00e1 en Dinamarca.<\/p>\n<div><\/div>\n<div>El rumor de su incorporaci\u00f3n se conoce desde hace semanas, pero reci\u00e9n este domingo <b>se supo que el cantautor, m\u00fasico, y pianista sustituir\u00e1 a Brian Johnson en la gira<\/b>, quien tuvo que dejar los escenarios por el peligro de perder la audici\u00f3n .<\/p>\n<p>\u00abAC\/DC retomar\u00e1 la gira mundial Rock or Bust con Axl Rose como vocalista. La gira europea empieza el 7 de mayo en Lisboa y concluir\u00e1 el 12 de junio en Aarhus, Dinamarca\u00bb, la banda en un comunicado difundido este fin de semana.<\/p><\/div>\n<div><\/div>\n<div>La gira europea es la siguiente: Lisboa (mayo 7), Sevilla (mayo 10), Marsella (mayo 13), Werchter (mayo 16), Viena (mayo 19), Praga (mayo 22), Hamburgo (mayo 26), Berna (mayo 29), Leipzig (junio 1), Londres (junio 4), Manchester (junio 9), Aarhus (junio 12).<\/p>\n<div><\/div>\n<div>Tanto Axl Rose como la AC\/DC se encargaron de anunciar en redes sociales, a su manera, la asociaci\u00f3n.<\/div>\n<\/div>\n<div><\/div>\n<div>El cantante <b>tambi\u00e9n actuar\u00e1 con AC\/DC en los diez conciertos que AC\/DC que suspender en Estados Unidos por los problemas de p\u00e9rdida audici\u00f3n de Brian Johnson<\/b> y cuyas nuevas fechas a\u00fan deben anunciarse.<\/p>\n<p>El trabajo de Axl Rose con AC\/DC no impedir\u00e1 al artista nacido en Lafayette, Indiana, en 1962 mantener sus compromisos con su propia banda, Guns N&#8217;Roses.<\/p><\/div>\n","protected":false},"excerpt":{"rendered":"<p>\u00a0 El cantante reemplazar\u00e1 a Brian Johnson durante una serie de presentaciones en Europa pero no dejar\u00e1 sus compromisos con Guns N&#8217;Roses. El famoso y pol\u00e9mico l\u00edder del grupo estadounidense Guns N&#8217;Roses, Axl Rose, ser\u00e1 el vocalista de la banda de rock AC\/DC durante la pr\u00f3xima gira europea que comenzar\u00e1 en Portugal y acabar\u00e1 en&hellip;<\/p>\n","protected":false},"author":1,"featured_media":0,"comment_status":"open","ping_status":"open","sticky":false,"template":"","format":"standard","meta":{"footnotes":""},"categories":[15],"tags":[19767,23449,23138,481,5898,998,23450],"class_list":["post-58846","post","type-post","status-publish","format-standard","hentry","category-espectaculos","tag-acdc","tag-axel-rose","tag-brian-johnson","tag-cantante","tag-europa","tag-gira","tag-guns-nroses"],"_links":{"self":[{"href":"https:\/\/www.elsindical.com.ar\/notas\/wp-json\/wp\/v2\/posts\/58846","targetHints":{"allow":["GET"]}}],"collection":[{"href":"https:\/\/www.elsindical.com.ar\/notas\/wp-json\/wp\/v2\/posts"}],"about":[{"href":"https:\/\/www.elsindical.com.ar\/notas\/wp-json\/wp\/v2\/types\/post"}],"author":[{"embeddable":true,"href":"https:\/\/www.elsindical.com.ar\/notas\/wp-json\/wp\/v2\/users\/1"}],"replies":[{"embeddable":true,"href":"https:\/\/www.elsindical.com.ar\/notas\/wp-json\/wp\/v2\/comments?post=58846"}],"version-history":[{"count":1,"href":"https:\/\/www.elsindical.com.ar\/notas\/wp-json\/wp\/v2\/posts\/58846\/revisions"}],"predecessor-version":[{"id":58848,"href":"https:\/\/www.elsindical.com.ar\/notas\/wp-json\/wp\/v2\/posts\/58846\/revisions\/58848"}],"wp:attachment":[{"href":"https:\/\/www.elsindical.com.ar\/notas\/wp-json\/wp\/v2\/media?parent=58846"}],"wp:term":[{"taxonomy":"category","embeddable":true,"href":"https:\/\/www.elsindical.com.ar\/notas\/wp-json\/wp\/v2\/categories?post=58846"},{"taxonomy":"post_tag","embeddable":true,"href":"https:\/\/www.elsindical.com.ar\/notas\/wp-json\/wp\/v2\/tags?post=58846"}],"curies":[{"name":"wp","href":"https:\/\/api.w.org\/{rel}","templated":true}]}}