{"id":58835,"date":"2016-04-17T00:21:30","date_gmt":"2016-04-17T03:21:30","guid":{"rendered":"http:\/\/www.elsindical.com.ar\/notas\/?p=58835"},"modified":"2016-04-16T23:55:27","modified_gmt":"2016-04-17T02:55:27","slug":"pagan-por-unica-vez-500-a-jubilados-y-beneficiarios-de-auh","status":"publish","type":"post","link":"https:\/\/www.elsindical.com.ar\/notas\/pagan-por-unica-vez-500-a-jubilados-y-beneficiarios-de-auh\/","title":{"rendered":"Pagan por \u00fanica vez $ 500 a jubilados y beneficiarios de AUH"},"content":{"rendered":"<p><em><a href=\"http:\/\/www.elsindical.com.ar\/notas\/var\/www\/html\/notas\/wp-content\/uploads\/2010\/07\/jubilados-desesperanzados.jpg\"><img loading=\"lazy\" decoding=\"async\" class=\"alignnone size-full wp-image-8151\" src=\"http:\/\/www.elsindical.com.ar\/notas\/var\/www\/html\/notas\/wp-content\/uploads\/2010\/07\/jubilados-desesperanzados.jpg\" alt=\"jubilados-desesperanzados\" width=\"236\" height=\"231\" \/><\/a>\u00a0 La medida, que beneficia a 8.400.000 personas en situaci\u00f3n vulnerable, se tom\u00f3 ante \u00abel momento dif\u00edcil\u00bb que se vive por la escalada inflacionaria.\u00a0\u00a0\u00a0\u00a0<\/em><\/p>\n<p>El ministro de Trabajo, Jorge Triaca, anunci\u00f3 hoy que se contempla un pago de 500 pesos por \u00fanica vez, en mayo pr\u00f3ximo, destinado a jubilados que cobran el haber m\u00ednimo, a quienes reciben pensiones no contributivas y a beneficiarios de la Asignaci\u00f3n Universal por Hijo y Embarazo.<\/p>\n<p>Triaca explic\u00f3 que la medida se tomaba ante el \u00abmomento dif\u00edcil\u00bb que atraviesan sectores vulnerables de la poblaci\u00f3n.<\/p>\n<p>Al acompa\u00f1ar al presidente Mauricio Macri al centro de jubilados \u00abDeshojando Margaritas\u00bb, del barrio porte\u00f1o de Liniers, el ministro adelant\u00f3 tambi\u00e9n que para la segunda quincena del mayo convocar\u00e1 al Consejo del Salario, el Empleo y la Productividad que define el ingreso m\u00ednimo vital y m\u00f3vil.<\/p>\n<p>Desde la Casa Rosada se afirm\u00f3 que \u00abcomo la devoluci\u00f3n de IVA\u00bb en productos b\u00e1sicos de la canasta familiar \u00abes un proyecto de ley que va a llevar un tiempo negociar con las provincias y con los otros partidos del Congreso\u00bb, se decidi\u00f3 brindar \u00abun pago por \u00fanica vez de 500 pesos\u00bb a jubilados y beneficiarios de la AUH.<\/p>\n<p>La medida, seg\u00fan la informaci\u00f3n oficial, beneficia a unas 8.400.000 personas.<\/p>\n","protected":false},"excerpt":{"rendered":"<p>\u00a0 La medida, que beneficia a 8.400.000 personas en situaci\u00f3n vulnerable, se tom\u00f3 ante \u00abel momento dif\u00edcil\u00bb que se vive por la escalada inflacionaria.\u00a0\u00a0\u00a0\u00a0 El ministro de Trabajo, Jorge Triaca, anunci\u00f3 hoy que se contempla un pago de 500 pesos por \u00fanica vez, en mayo pr\u00f3ximo, destinado a jubilados que cobran el haber m\u00ednimo, a&hellip;<\/p>\n","protected":false},"author":1,"featured_media":0,"comment_status":"open","ping_status":"open","sticky":false,"template":"","format":"standard","meta":{"footnotes":""},"categories":[9],"tags":[23441,3194,4005,76],"class_list":["post-58835","post","type-post","status-publish","format-standard","hentry","category-economia","tag-auh","tag-iva","tag-jubilaciones","tag-mauricio-macri"],"_links":{"self":[{"href":"https:\/\/www.elsindical.com.ar\/notas\/wp-json\/wp\/v2\/posts\/58835","targetHints":{"allow":["GET"]}}],"collection":[{"href":"https:\/\/www.elsindical.com.ar\/notas\/wp-json\/wp\/v2\/posts"}],"about":[{"href":"https:\/\/www.elsindical.com.ar\/notas\/wp-json\/wp\/v2\/types\/post"}],"author":[{"embeddable":true,"href":"https:\/\/www.elsindical.com.ar\/notas\/wp-json\/wp\/v2\/users\/1"}],"replies":[{"embeddable":true,"href":"https:\/\/www.elsindical.com.ar\/notas\/wp-json\/wp\/v2\/comments?post=58835"}],"version-history":[{"count":1,"href":"https:\/\/www.elsindical.com.ar\/notas\/wp-json\/wp\/v2\/posts\/58835\/revisions"}],"predecessor-version":[{"id":58836,"href":"https:\/\/www.elsindical.com.ar\/notas\/wp-json\/wp\/v2\/posts\/58835\/revisions\/58836"}],"wp:attachment":[{"href":"https:\/\/www.elsindical.com.ar\/notas\/wp-json\/wp\/v2\/media?parent=58835"}],"wp:term":[{"taxonomy":"category","embeddable":true,"href":"https:\/\/www.elsindical.com.ar\/notas\/wp-json\/wp\/v2\/categories?post=58835"},{"taxonomy":"post_tag","embeddable":true,"href":"https:\/\/www.elsindical.com.ar\/notas\/wp-json\/wp\/v2\/tags?post=58835"}],"curies":[{"name":"wp","href":"https:\/\/api.w.org\/{rel}","templated":true}]}}