{"id":58832,"date":"2016-04-17T00:11:34","date_gmt":"2016-04-17T03:11:34","guid":{"rendered":"http:\/\/www.elsindical.com.ar\/notas\/?p=58832"},"modified":"2016-04-16T23:49:12","modified_gmt":"2016-04-17T02:49:12","slug":"la-corte-bonaerense-ordeno-a-los-jueces-economizar-energia-y-pintar-despachos-de-blanco","status":"publish","type":"post","link":"https:\/\/www.elsindical.com.ar\/notas\/la-corte-bonaerense-ordeno-a-los-jueces-economizar-energia-y-pintar-despachos-de-blanco\/","title":{"rendered":"La Corte Bonaerense orden\u00f3 a los jueces economizar energ\u00eda y pintar despachos de blanco"},"content":{"rendered":"<div class=\"bajada\">\n<p><em><a href=\"http:\/\/www.elsindical.com.ar\/notas\/var\/www\/html\/notas\/wp-content\/uploads\/2016\/04\/Corte-Bonaerense-reuni\u00f3n.jpg\"><img loading=\"lazy\" decoding=\"async\" class=\"alignnone size-medium wp-image-58833\" src=\"http:\/\/www.elsindical.com.ar\/notas\/var\/www\/html\/notas\/wp-content\/uploads\/2016\/04\/Corte-Bonaerense-reuni\u00f3n-300x165.jpg\" alt=\"Corte-Bonaerense-reuni\u00f3n\" width=\"300\" height=\"165\" srcset=\"https:\/\/www.elsindical.com.ar\/notas\/var\/www\/html\/notas\/wp-content\/uploads\/2016\/04\/Corte-Bonaerense-reuni\u00f3n-300x165.jpg 300w, https:\/\/www.elsindical.com.ar\/notas\/var\/www\/html\/notas\/wp-content\/uploads\/2016\/04\/Corte-Bonaerense-reuni\u00f3n-500x274.jpg 500w, https:\/\/www.elsindical.com.ar\/notas\/var\/www\/html\/notas\/wp-content\/uploads\/2016\/04\/Corte-Bonaerense-reuni\u00f3n.jpg 620w\" sizes=\"auto, (max-width: 300px) 100vw, 300px\" \/><\/a>\u00a0 En el marco del ahogo financiero que el oficialismo impone al Poder Judicial, la Corte difundi\u00f3 una directiva con \u00f3rdenes precisas: apagar computadoras al final de la jornada laboral y restringir la iluminaci\u00f3n en los pasillos. Tambi\u00e9n, ahorrar en el uso de ascensores y fotocopiadoras. Convocan a comprar luces bajo consumo.<\/em><\/p>\n<p>La Suprema Corte bonaerense convoc\u00f3 hoy a todos los jueces de la Provincia a sumarse a un plan de ahorro el\u00e9ctrico, \u201cante la situaci\u00f3n actual de emergencia\u201d, con acciones concretas como apagar luces y computadoras, ahorrar iluminaci\u00f3n en pasillos y pintar las oficinas de color blanco<\/p>\n<p>La medida se enmarca en la puja entre el Gobierno y el Poder Judicial, que tiene su campo de batalla en la cuesti\u00f3n presupuestaria, aunque su origen es pol\u00edtico. Es que el oficialismo congel\u00f3 las leyes de autarqu\u00eda que hubieran implicado unos 5 mil millones de pesos \u00abextra\u00bb para este a\u00f1o. Adem\u00e1s, retir\u00f3 numerosos pliegos de jueces y no comprometi\u00f3 obras hacia Tribunales.<\/p>\n<p>Asfixiado presupuestariamente, el m\u00e1ximo tribunal difundi\u00f3 su malestar a trav\u00e9s de la resoluci\u00f3n 33\/16, que lleva la firma del presidente de la Suprema Corte, Juan Carlos Hitters, y el secretario, N\u00e9stor Trabucco. En el documento, piden \u201capagar las luces encendidas en oficinas, ba\u00f1os, cocinas y todo otro ambiente del organismo o dependencia en ausencia de personal, como as\u00ed tambi\u00e9n al finalizar la jornada laboral, durante la noche, d\u00edas festivos y fines de semana\u201d.<\/p>\n<p>Adem\u00e1s, proponen \u201cproseguir con la instalaci\u00f3n de l\u00e1mparas de bajo consumo, realizar la limpieza y el mantenimiento peri\u00f3dico de artefactos y l\u00e1mparas para conservar su eficiencia original\u201d.\u00a0Y recomiendan a los magistrados que pinten con \u201ccolores claros\u201d los muros y cielorrasos ya que \u201ccoadyuva a mejorar las condiciones de luminosidad\u201d.<\/p>\n<p>Tambi\u00e9n ordena \u201crestringir la iluminaci\u00f3n de halls, pasillos comunes y los ornamentales de los edificios, sin que se resienta la seguridad de dichos lugares\u201d, as\u00ed como prestar atenci\u00f3n al uso de los aires acondicionados y \u201capagar las computadoras de manera completa incluyendo monitor, impresoras y scanner, al finalizar la jornada laboral, debiendo extremarse tal recaudo en la jornada anterior al comienzo de los d\u00edas festivos y fines de semana\u201d. En cuanto a las fotocopiadoras, deber\u00e1n configurarse \u201cen modo de ahorro de energ\u00eda durante el horario laboral y apagarlas en forma completa al finalizar la jornada laboral\u201d.<\/p>\n<p>Por \u00faltimo, piden reducir \u201cel funcionamiento de ascensores en servicio en aquellos edificios donde la cantidad y distribuci\u00f3n lo permita, luego de las 15 horas\u201d. Como medida adicional para el ahorro de energ\u00eda, el tribunal dispuso \u201cpropiciar la finalizaci\u00f3n de las tareas de limpieza antes de las 18:00 hs\u201d.<\/p>\n<\/div>\n","protected":false},"excerpt":{"rendered":"<p>\u00a0 En el marco del ahogo financiero que el oficialismo impone al Poder Judicial, la Corte difundi\u00f3 una directiva con \u00f3rdenes precisas: apagar computadoras al final de la jornada laboral y restringir la iluminaci\u00f3n en los pasillos. Tambi\u00e9n, ahorrar en el uso de ascensores y fotocopiadoras. Convocan a comprar luces bajo consumo. La Suprema Corte&hellip;<\/p>\n","protected":false},"author":1,"featured_media":0,"comment_status":"open","ping_status":"open","sticky":false,"template":"","format":"standard","meta":{"footnotes":""},"categories":[20],"tags":[4621,11899,22023,1940,17378,23440],"class_list":["post-58832","post","type-post","status-publish","format-standard","hentry","category-judiciales","tag-corte-bonaerense","tag-despachos","tag-economia","tag-energia","tag-luminarias","tag-recortes"],"_links":{"self":[{"href":"https:\/\/www.elsindical.com.ar\/notas\/wp-json\/wp\/v2\/posts\/58832","targetHints":{"allow":["GET"]}}],"collection":[{"href":"https:\/\/www.elsindical.com.ar\/notas\/wp-json\/wp\/v2\/posts"}],"about":[{"href":"https:\/\/www.elsindical.com.ar\/notas\/wp-json\/wp\/v2\/types\/post"}],"author":[{"embeddable":true,"href":"https:\/\/www.elsindical.com.ar\/notas\/wp-json\/wp\/v2\/users\/1"}],"replies":[{"embeddable":true,"href":"https:\/\/www.elsindical.com.ar\/notas\/wp-json\/wp\/v2\/comments?post=58832"}],"version-history":[{"count":1,"href":"https:\/\/www.elsindical.com.ar\/notas\/wp-json\/wp\/v2\/posts\/58832\/revisions"}],"predecessor-version":[{"id":58834,"href":"https:\/\/www.elsindical.com.ar\/notas\/wp-json\/wp\/v2\/posts\/58832\/revisions\/58834"}],"wp:attachment":[{"href":"https:\/\/www.elsindical.com.ar\/notas\/wp-json\/wp\/v2\/media?parent=58832"}],"wp:term":[{"taxonomy":"category","embeddable":true,"href":"https:\/\/www.elsindical.com.ar\/notas\/wp-json\/wp\/v2\/categories?post=58832"},{"taxonomy":"post_tag","embeddable":true,"href":"https:\/\/www.elsindical.com.ar\/notas\/wp-json\/wp\/v2\/tags?post=58832"}],"curies":[{"name":"wp","href":"https:\/\/api.w.org\/{rel}","templated":true}]}}