{"id":58801,"date":"2016-04-15T22:06:50","date_gmt":"2016-04-16T01:06:50","guid":{"rendered":"http:\/\/www.elsindical.com.ar\/notas\/?p=58801"},"modified":"2016-04-15T22:06:50","modified_gmt":"2016-04-16T01:06:50","slug":"avellaneda-el-hcd-aprobo-la-preparatoria-con-subas-en-la-tasa-de-servicios-generales-del-12","status":"publish","type":"post","link":"https:\/\/www.elsindical.com.ar\/notas\/avellaneda-el-hcd-aprobo-la-preparatoria-con-subas-en-la-tasa-de-servicios-generales-del-12\/","title":{"rendered":"Avellaneda: El HCD aprob\u00f3 la preparatoria con subas en la Tasa de Servicios Generales del 12%"},"content":{"rendered":"<p><em><a href=\"http:\/\/www.elsindical.com.ar\/notas\/var\/www\/html\/notas\/wp-content\/uploads\/2016\/04\/logo-HCD-Avellaneda.jpg\"><img loading=\"lazy\" decoding=\"async\" class=\"alignnone size-medium wp-image-58803\" src=\"http:\/\/www.elsindical.com.ar\/notas\/var\/www\/html\/notas\/wp-content\/uploads\/2016\/04\/logo-HCD-Avellaneda-300x104.jpg\" alt=\"logo-HCD-Avellaneda\" width=\"300\" height=\"104\" srcset=\"https:\/\/www.elsindical.com.ar\/notas\/var\/www\/html\/notas\/wp-content\/uploads\/2016\/04\/logo-HCD-Avellaneda-300x104.jpg 300w, https:\/\/www.elsindical.com.ar\/notas\/var\/www\/html\/notas\/wp-content\/uploads\/2016\/04\/logo-HCD-Avellaneda.jpg 443w\" sizes=\"auto, (max-width: 300px) 100vw, 300px\" \/><\/a>\u00a0 En la primera sesi\u00f3n del 2016, los \u00abhonorables\u00bb concejales de Avellaneda, trataron el proyecto enviado por el oficialismo, que contempla una primera suba de la Tasa de Servicios Generales del orden del 12%, que deber\u00e1 ser refrendada en una pr\u00f3xima sesi\u00f3n de Mayores Contribuyentes.<\/em><\/p>\n<p>El jueves 14 de abril, el HCD de Avellaneda sesion\u00f3 para tratar el proyecto enviado por el ejecutivo que conduce el Ing. Jorge Ferraresi, el proyecto se aprob\u00f3 con 13 votos y 11 abstenciones, desde el cuerpo la mayor\u00eda de los concejales entend\u00edan que el incremento se debe al aumento de la tarifa el\u00e9ctrica.<\/p>\n<p>A su vez, se incluyen aumentos de las al\u00edcuotas de facturaci\u00f3n de las empresas m\u00e1s grandes instaladas en el distrito. Alcanzar\u00e1 a bancos, financieras, supermercados y bingos.<\/p>\n<p>Como era de esperar con la nueva conformaci\u00f3n del HCD, ahora son varios los que buscan protagonismo en las sesiones, algunos de los que habr\u00e1 que seguir en las sesiones para poder comprobar la incoherencia de sus discursos respecto de sus acciones, son Daniel Garc\u00eda presidente del bloque del PRO, quien fue el \u00fanico concejal opositor que no se abstuvo y vot\u00f3 avalando el proyecto del oficialismo, no se sabe c\u00f3mo seguir\u00e1 funcionando el bloque del PRO, ya que las diferencias se han hecho p\u00fablicas y de un creciente cruce de acusaciones de todo tipo, otro de los \u00abprotagonistas\u00bb es Armando Bertolotto, quien siempre \u00abjuega\u00bb al s\u00ed o no, firma los proyectos en comisi\u00f3n, pero despu\u00e9s suele hacer aclaraciones en el recinto, acciones que son m\u00e1s para la tribuna que para lo que realmente se trata, no es necesario describir quien es Bertolotto en Avellaneda y los \u00abacuerdos\u00bb que ha hecho con empresas en beneficio de estas y perjuicio del municipio, pero de eso no se habla.<\/p>\n<p>La \u00abestrella\u00bb del HCD que no pod\u00eda faltar es el veterano Degli Innocenti, quien sin que se le mueva un m\u00fasculo y sonrojarse adem\u00e1s de justificar el aumento, lo consider\u00f3 escaso, pero que como representan un modelo de inclusi\u00f3n y defensa de los que menos tienen, estaba bien, diciendo que debe ser gradual, lo que significa que seguramente haya m\u00e1s aumentos.<\/p>\n<p>Los t\u00edmidos de siempre como Rub\u00e9n Conde, volvieron a favorecer al oficialismo, eso s\u00ed, como siempre prometen que se va a evaluar y que no es definitiva su posici\u00f3n, pero la realidad es que terminan siendo funcionales al oficialismo.<\/p>\n<p>Algunas de las cosas que los \u00abhonorables concejales\u00bb deber\u00edan explicarnos a los vecinos, es la contradicci\u00f3n por la cual ahora buscan amortizar el gasto por la adquisici\u00f3n de camiones para la recolecci\u00f3n de la basura, cuando fueron los argumentos del oficialismo el a\u00f1o pasado que con esa medida se iba a ahorrar millones el municipio y uno de sus defensores m\u00e1s ac\u00e9rrimos fue justamente Degli Innocenti, tampoco parecen recordar que con el traspaso del Hospital de Wilde se iban a ahorrar unos 70 millones de pesos, que ser\u00eda interesante saber que destino tuvieron.<\/p>\n<p>Lo que dej\u00f3 de positivo las elecciones pasadas para nuestros \u00abhonorables concejales\u00bb es que muchos pudieron cambiar sus autos a pesar de que todos se quejaban de los gastos de participar en una elecci\u00f3n.<\/p>\n<p>&nbsp;<\/p>\n<p><strong>Por Marcelo Ricardo Hawrylciw<\/strong><\/p>\n","protected":false},"excerpt":{"rendered":"<p>\u00a0 En la primera sesi\u00f3n del 2016, los \u00abhonorables\u00bb concejales de Avellaneda, trataron el proyecto enviado por el oficialismo, que contempla una primera suba de la Tasa de Servicios Generales del orden del 12%, que deber\u00e1 ser refrendada en una pr\u00f3xima sesi\u00f3n de Mayores Contribuyentes. El jueves 14 de abril, el HCD de Avellaneda sesion\u00f3&hellip;<\/p>\n","protected":false},"author":1,"featured_media":0,"comment_status":"open","ping_status":"open","sticky":false,"template":"","format":"standard","meta":{"footnotes":""},"categories":[10],"tags":[1285,357,461,3516,9164,16587,15486,1062,328,15385,17592],"class_list":["post-58801","post","type-post","status-publish","format-standard","hentry","category-editorial","tag-armando-bertolotto","tag-aumento","tag-avellaneda","tag-daniel-garcia","tag-energia-electrica","tag-hcd","tag-jorge-degli-innocenti","tag-jorge-ferraresi","tag-pro","tag-ruben-conde","tag-tsg"],"_links":{"self":[{"href":"https:\/\/www.elsindical.com.ar\/notas\/wp-json\/wp\/v2\/posts\/58801","targetHints":{"allow":["GET"]}}],"collection":[{"href":"https:\/\/www.elsindical.com.ar\/notas\/wp-json\/wp\/v2\/posts"}],"about":[{"href":"https:\/\/www.elsindical.com.ar\/notas\/wp-json\/wp\/v2\/types\/post"}],"author":[{"embeddable":true,"href":"https:\/\/www.elsindical.com.ar\/notas\/wp-json\/wp\/v2\/users\/1"}],"replies":[{"embeddable":true,"href":"https:\/\/www.elsindical.com.ar\/notas\/wp-json\/wp\/v2\/comments?post=58801"}],"version-history":[{"count":2,"href":"https:\/\/www.elsindical.com.ar\/notas\/wp-json\/wp\/v2\/posts\/58801\/revisions"}],"predecessor-version":[{"id":58804,"href":"https:\/\/www.elsindical.com.ar\/notas\/wp-json\/wp\/v2\/posts\/58801\/revisions\/58804"}],"wp:attachment":[{"href":"https:\/\/www.elsindical.com.ar\/notas\/wp-json\/wp\/v2\/media?parent=58801"}],"wp:term":[{"taxonomy":"category","embeddable":true,"href":"https:\/\/www.elsindical.com.ar\/notas\/wp-json\/wp\/v2\/categories?post=58801"},{"taxonomy":"post_tag","embeddable":true,"href":"https:\/\/www.elsindical.com.ar\/notas\/wp-json\/wp\/v2\/tags?post=58801"}],"curies":[{"name":"wp","href":"https:\/\/api.w.org\/{rel}","templated":true}]}}