{"id":58747,"date":"2016-04-13T17:28:23","date_gmt":"2016-04-13T20:28:23","guid":{"rendered":"http:\/\/www.elsindical.com.ar\/notas\/?p=58747"},"modified":"2016-04-13T17:28:23","modified_gmt":"2016-04-13T20:28:23","slug":"otro-paro-de-judiciales-en-rechazo-a-la-oferta-salarial-del-gobierno","status":"publish","type":"post","link":"https:\/\/www.elsindical.com.ar\/notas\/otro-paro-de-judiciales-en-rechazo-a-la-oferta-salarial-del-gobierno\/","title":{"rendered":"Otro paro de judiciales en rechazo a la oferta salarial del Gobierno"},"content":{"rendered":"<p class=\"copete\"><em>\u00a0<a href=\"http:\/\/www.elsindical.com.ar\/notas\/var\/www\/html\/notas\/wp-content\/uploads\/2011\/03\/logo-AJB.jpg\"><img loading=\"lazy\" decoding=\"async\" class=\"alignnone size-full wp-image-12890\" src=\"http:\/\/www.elsindical.com.ar\/notas\/var\/www\/html\/notas\/wp-content\/uploads\/2011\/03\/logo-AJB.jpg\" alt=\"logo-AJB\" width=\"207\" height=\"206\" srcset=\"https:\/\/www.elsindical.com.ar\/notas\/var\/www\/html\/notas\/wp-content\/uploads\/2011\/03\/logo-AJB.jpg 207w, https:\/\/www.elsindical.com.ar\/notas\/var\/www\/html\/notas\/wp-content\/uploads\/2011\/03\/logo-AJB-150x150.jpg 150w\" sizes=\"auto, (max-width: 207px) 100vw, 207px\" \/><\/a> El Ejecutivo bonaerense ofreci\u00f3 un incremento semestral del 16,7% con el compromiso de reabrir la negociaci\u00f3n en julio. La AJB moviliza este jueves en La Plata.<\/em><\/p>\n<p>La <strong>Asociaci\u00f3n Judicial Bonaerense (AJB) <\/strong>inici\u00f3 este mi\u00e9rcoles un nuevo paro de 48 horas en todo el territorio provincial para exigir mejoras salariales y en las condiciones de trabajo, en el marco de la paritaria sectorial.<\/p>\n<p>Fracas\u00f3 una vez m\u00e1s la negociaci\u00f3n salarial.\u00a0El Ejecutivo realiz\u00f3 el pasado lunes una nueva <strong>propuesta de aumento para el primer semestre<\/strong>, que incluye un 15% de incremento al b\u00e1sico y elevar del 38 al 40% la Bonificaci\u00f3n Especial y la Compensaci\u00f3n Funcional.<\/p>\n<p>\u201cLa nueva propuesta que hace el gobierno modifica m\u00ednimamente la realizada la semana pasada, y se encuentra muy lejos del reclamo llevado a cabo por los trabajadores judiciales\u201d, expres\u00f3 <strong>Pablo Abramovich<\/strong>, titular de la AJB.<\/p>\n<p>Los representantes del gobierno presentaron una nueva oferta salarial exclusivamente para el primer semestre, consistente en un <strong>incremento del 15% en los salarios b\u00e1sicos<\/strong> (5% en enero y 10% en marzo), sumado a un aumento de dos puntos porcentuales de la Bonificaci\u00f3n Especial y la Compensaci\u00f3n Funcional (las que a partir del 1\u00ba de marzo pasar\u00edan del 38 actual al 40%). El compromiso incluye la reapertura de las negociaciones a partir del 1\u00ba de julio.<\/p>\n<p>Por su parte, el Ejecutivo <strong>no incluy\u00f3 en la propuesta una respuesta al resto de los reclamos <\/strong>llevados por la AJB a la negociaci\u00f3n paritaria. Los representantes gremiales anticiparon al gobierno que la propuesta del Estado sigue siendo absolutamente insuficiente, y el gremio judicial ratific\u00f3 el paro de 48 horas para este mi\u00e9rcoles 13 y jueves 14, con una nueva movilizaci\u00f3n a la Ciudad de La Plata en forma coincidente con el segundo d\u00eda de la medida de fuerza.<\/p>\n<p>\u201cAnte esta postura inflexible y provocadora del Ejecutivo, los judiciales vamos hacia otras 48 horas de paro y movilizaremos el jueves reclamando una nueva convocatoria que incluya una propuesta en l\u00ednea con las necesidades de los judiciales\u201d<\/p>\n","protected":false},"excerpt":{"rendered":"<p>\u00a0 El Ejecutivo bonaerense ofreci\u00f3 un incremento semestral del 16,7% con el compromiso de reabrir la negociaci\u00f3n en julio. La AJB moviliza este jueves en La Plata. La Asociaci\u00f3n Judicial Bonaerense (AJB) inici\u00f3 este mi\u00e9rcoles un nuevo paro de 48 horas en todo el territorio provincial para exigir mejoras salariales y en las condiciones de&hellip;<\/p>\n","protected":false},"author":1,"featured_media":0,"comment_status":"open","ping_status":"open","sticky":false,"template":"","format":"standard","meta":{"footnotes":""},"categories":[16],"tags":[4626,23412,239,67,2952],"class_list":["post-58747","post","type-post","status-publish","format-standard","hentry","category-gremiales","tag-ajb","tag-ejecutivo-bonaerense","tag-la-plata","tag-paro","tag-rechazo"],"_links":{"self":[{"href":"https:\/\/www.elsindical.com.ar\/notas\/wp-json\/wp\/v2\/posts\/58747","targetHints":{"allow":["GET"]}}],"collection":[{"href":"https:\/\/www.elsindical.com.ar\/notas\/wp-json\/wp\/v2\/posts"}],"about":[{"href":"https:\/\/www.elsindical.com.ar\/notas\/wp-json\/wp\/v2\/types\/post"}],"author":[{"embeddable":true,"href":"https:\/\/www.elsindical.com.ar\/notas\/wp-json\/wp\/v2\/users\/1"}],"replies":[{"embeddable":true,"href":"https:\/\/www.elsindical.com.ar\/notas\/wp-json\/wp\/v2\/comments?post=58747"}],"version-history":[{"count":1,"href":"https:\/\/www.elsindical.com.ar\/notas\/wp-json\/wp\/v2\/posts\/58747\/revisions"}],"predecessor-version":[{"id":58748,"href":"https:\/\/www.elsindical.com.ar\/notas\/wp-json\/wp\/v2\/posts\/58747\/revisions\/58748"}],"wp:attachment":[{"href":"https:\/\/www.elsindical.com.ar\/notas\/wp-json\/wp\/v2\/media?parent=58747"}],"wp:term":[{"taxonomy":"category","embeddable":true,"href":"https:\/\/www.elsindical.com.ar\/notas\/wp-json\/wp\/v2\/categories?post=58747"},{"taxonomy":"post_tag","embeddable":true,"href":"https:\/\/www.elsindical.com.ar\/notas\/wp-json\/wp\/v2\/tags?post=58747"}],"curies":[{"name":"wp","href":"https:\/\/api.w.org\/{rel}","templated":true}]}}