{"id":58745,"date":"2016-04-13T17:25:02","date_gmt":"2016-04-13T20:25:02","guid":{"rendered":"http:\/\/www.elsindical.com.ar\/notas\/?p=58745"},"modified":"2016-04-13T17:25:02","modified_gmt":"2016-04-13T20:25:02","slug":"bancarios-ratificaron-el-paro-nacional-por-despidos-y-salarios","status":"publish","type":"post","link":"https:\/\/www.elsindical.com.ar\/notas\/bancarios-ratificaron-el-paro-nacional-por-despidos-y-salarios\/","title":{"rendered":"Bancarios ratificaron el paro nacional por despidos y salarios"},"content":{"rendered":"<p class=\"copete\"><em><a href=\"http:\/\/www.elsindical.com.ar\/notas\/var\/www\/html\/notas\/wp-content\/uploads\/2010\/07\/La-Bancaria.jpg\"><img loading=\"lazy\" decoding=\"async\" class=\"alignnone size-medium wp-image-7804\" src=\"http:\/\/www.elsindical.com.ar\/notas\/var\/www\/html\/notas\/wp-content\/uploads\/2010\/07\/La-Bancaria-300x69.jpg\" alt=\"La Bancaria\" width=\"300\" height=\"69\" srcset=\"https:\/\/www.elsindical.com.ar\/notas\/var\/www\/html\/notas\/wp-content\/uploads\/2010\/07\/La-Bancaria-300x69.jpg 300w, https:\/\/www.elsindical.com.ar\/notas\/var\/www\/html\/notas\/wp-content\/uploads\/2010\/07\/La-Bancaria-1024x238.jpg 1024w\" sizes=\"auto, (max-width: 300px) 100vw, 300px\" \/><\/a>\u00a0 La jornada de protesta tendr\u00e1 lugar este jueves 14 en todos los bancos del pa\u00eds. En el Banco Provincia, la huelga ser\u00e1 por 48 horas.<\/em><\/p>\n<p>La <strong>Asociaci\u00f3n Bancaria<\/strong> ratific\u00f3 el paro nacional por 24 horas para el jueves 14 en todos los bancos del pa\u00eds, convocando a los trabajadores a realizar manifestaciones en las principales plazas financieras, mientras que en el banco Provincia la huelga ser\u00e1 de 48 horas y no operar\u00e1n durante jueves y viernes.<\/p>\n<p>A trav\u00e9s de un comunicado de prensa, los bancarios dieron detalles de la \u00faltima audiencia con las c\u00e1maras empresarias en la sede de la cartera laboral. \u00abEl martes 12 de abril, como lo hab\u00edamos previsto, <strong>nada cambi\u00f3 en la posici\u00f3n patronal<\/strong> en el Ministerio de Trabajo en la reuni\u00f3n paritaria efectuada\u00bb, se\u00f1alaron.<\/p>\n<p>\u00abLos bancos privados nucleados en Adeba, ABA y ABE -a\u00f1ade-<strong> insistieron en una propuesta insuficiente<\/strong> que no tiene en cuenta la devaluaci\u00f3n y el alza brutal de precios que se desat\u00f3, ni el tarifazo ni el incumplimiento del compromiso electoral de derogar el impuesto al salario, ni las estimaciones sobre inflaci\u00f3n realizada por las propias entidades\u00bb.<\/p>\n<p>Con respecto a la banca p\u00fablica, el gremio inform\u00f3 que \u00ab<strong>Abappra, junto al Banco Central, no presentaron propuesta alguna<\/strong>. Tampoco hubo definici\u00f3n positiva en relaci\u00f3n a las reincorporaciones reclamadas en los Bancos Central y Provincia, ante despidos por evidente revanchismo que no corresponden, tanto porque violan la Constituci\u00f3n nacional y leyes vigentes, como por la tarea efectivamente desempe\u00f1ada por estos 56 trabajadores\u00bb.<\/p>\n","protected":false},"excerpt":{"rendered":"<p>\u00a0 La jornada de protesta tendr\u00e1 lugar este jueves 14 en todos los bancos del pa\u00eds. En el Banco Provincia, la huelga ser\u00e1 por 48 horas. La Asociaci\u00f3n Bancaria ratific\u00f3 el paro nacional por 24 horas para el jueves 14 en todos los bancos del pa\u00eds, convocando a los trabajadores a realizar manifestaciones en las&hellip;<\/p>\n","protected":false},"author":1,"featured_media":0,"comment_status":"open","ping_status":"open","sticky":false,"template":"","format":"standard","meta":{"footnotes":""},"categories":[16],"tags":[462,1539,1571,67],"class_list":["post-58745","post","type-post","status-publish","format-standard","hentry","category-gremiales","tag-asociacion-bancaria","tag-banco-central","tag-banco-provincia","tag-paro"],"_links":{"self":[{"href":"https:\/\/www.elsindical.com.ar\/notas\/wp-json\/wp\/v2\/posts\/58745","targetHints":{"allow":["GET"]}}],"collection":[{"href":"https:\/\/www.elsindical.com.ar\/notas\/wp-json\/wp\/v2\/posts"}],"about":[{"href":"https:\/\/www.elsindical.com.ar\/notas\/wp-json\/wp\/v2\/types\/post"}],"author":[{"embeddable":true,"href":"https:\/\/www.elsindical.com.ar\/notas\/wp-json\/wp\/v2\/users\/1"}],"replies":[{"embeddable":true,"href":"https:\/\/www.elsindical.com.ar\/notas\/wp-json\/wp\/v2\/comments?post=58745"}],"version-history":[{"count":1,"href":"https:\/\/www.elsindical.com.ar\/notas\/wp-json\/wp\/v2\/posts\/58745\/revisions"}],"predecessor-version":[{"id":58746,"href":"https:\/\/www.elsindical.com.ar\/notas\/wp-json\/wp\/v2\/posts\/58745\/revisions\/58746"}],"wp:attachment":[{"href":"https:\/\/www.elsindical.com.ar\/notas\/wp-json\/wp\/v2\/media?parent=58745"}],"wp:term":[{"taxonomy":"category","embeddable":true,"href":"https:\/\/www.elsindical.com.ar\/notas\/wp-json\/wp\/v2\/categories?post=58745"},{"taxonomy":"post_tag","embeddable":true,"href":"https:\/\/www.elsindical.com.ar\/notas\/wp-json\/wp\/v2\/tags?post=58745"}],"curies":[{"name":"wp","href":"https:\/\/api.w.org\/{rel}","templated":true}]}}