{"id":58723,"date":"2016-04-12T15:35:47","date_gmt":"2016-04-12T18:35:47","guid":{"rendered":"http:\/\/www.elsindical.com.ar\/notas\/?p=58723"},"modified":"2017-05-26T09:47:07","modified_gmt":"2017-05-26T12:47:07","slug":"nunez-cacerolazo-frente-al-tiro-federal-de-los-vecinos-de-la-comuna-13","status":"publish","type":"post","link":"https:\/\/www.elsindical.com.ar\/notas\/nunez-cacerolazo-frente-al-tiro-federal-de-los-vecinos-de-la-comuna-13\/","title":{"rendered":"N\u00fa\u00f1ez: Cacerolazo frente al Tiro Federal de los vecinos de la Comuna 13"},"content":{"rendered":"<p><a href=\"http:\/\/www.elsindical.com.ar\/notas\/var\/www\/html\/notas\/wp-content\/uploads\/2016\/04\/predio-Tiro-Federal-N\u00fa\u00f1ez.jpg\" rel=\"attachment wp-att-58724\"><img loading=\"lazy\" decoding=\"async\" class=\"alignnone size-medium wp-image-58724\" src=\"http:\/\/www.elsindical.com.ar\/notas\/var\/www\/html\/notas\/wp-content\/uploads\/2016\/04\/predio-Tiro-Federal-N\u00fa\u00f1ez-300x169.jpg\" alt=\"predio Tiro Federal N\u00fa\u00f1ez\" width=\"300\" height=\"169\" srcset=\"https:\/\/www.elsindical.com.ar\/notas\/var\/www\/html\/notas\/wp-content\/uploads\/2016\/04\/predio-Tiro-Federal-N\u00fa\u00f1ez-300x169.jpg 300w, https:\/\/www.elsindical.com.ar\/notas\/var\/www\/html\/notas\/wp-content\/uploads\/2016\/04\/predio-Tiro-Federal-N\u00fa\u00f1ez-500x282.jpg 500w, https:\/\/www.elsindical.com.ar\/notas\/var\/www\/html\/notas\/wp-content\/uploads\/2016\/04\/predio-Tiro-Federal-N\u00fa\u00f1ez.jpg 600w\" sizes=\"auto, (max-width: 300px) 100vw, 300px\" \/><\/a>Hoy, 18h<\/p>\n<p><u><strong>CACEROLAZO FRENTE A TIRO FEDERAL<\/strong><\/u><\/p>\n<p>Hoy, desde las 18hs, miembros del Consejo Consultivo de la Comuna 13, socios de Tiro Federal y organizaciones sociales y pol\u00edticas realizar\u00e1n un cacerolazo frente a Tiro Federal, en Udaondo y Av. del Libertador.<\/p>\n<p>El cacerolazo se realiza en rechazo a la creaci\u00f3n por parte de la Legislatura porte\u00f1a de la Agencia de Bienes de la Ciudad, que prev\u00e9 la venta del Tiro Federal, uno de los espacios verdes que pueden utilizar los vecinos de la zona, para un meganegocio inmobiliario.<\/p>\n<p>La comuna 13 est\u00e1 saturada de torres ilegales, construidas para la especulaci\u00f3n, gracias excepciones que otorga el gobierno de la Ciudad. La construcci\u00f3n de estas torres ha llevado al colapso de los servicios; saturaci\u00f3n del tr\u00e1nsito; una relaci\u00f3n irrisoria de 4 cm2 de espacio verde por habitante y aumento del ABL, alquileres y costo de vida,\u00a0que han deteriorado por completo la vida de los trabajadores de la comuna. Estos a! umentos hacen imposible acceder a la vivienda, expulsan a los trabajadores del barrio y generan que las poblaciones de las villas miserias se hayan duplicado en los \u00faltimos a\u00f1os.<\/p>\n<p>Ram\u00f3n, miembro del Consejo Consultivo Comuna 13: 1169856178<\/p>\n","protected":false},"excerpt":{"rendered":"<p>Hoy, 18h CACEROLAZO FRENTE A TIRO FEDERAL Hoy, desde las 18hs, miembros del Consejo Consultivo de la Comuna 13, socios de Tiro Federal y organizaciones sociales y pol\u00edticas realizar\u00e1n un cacerolazo frente a Tiro Federal, en Udaondo y Av. del Libertador. El cacerolazo se realiza en rechazo a la creaci\u00f3n por parte de la Legislatura&hellip;<\/p>\n","protected":false},"author":1,"featured_media":0,"comment_status":"open","ping_status":"open","sticky":false,"template":"","format":"standard","meta":{"footnotes":""},"categories":[25],"tags":[23405,1210,292,15186],"class_list":["post-58723","post","type-post","status-publish","format-standard","hentry","category-sociedad","tag-comuna-13","tag-nunez","tag-protesta","tag-tiro-federal"],"_links":{"self":[{"href":"https:\/\/www.elsindical.com.ar\/notas\/wp-json\/wp\/v2\/posts\/58723","targetHints":{"allow":["GET"]}}],"collection":[{"href":"https:\/\/www.elsindical.com.ar\/notas\/wp-json\/wp\/v2\/posts"}],"about":[{"href":"https:\/\/www.elsindical.com.ar\/notas\/wp-json\/wp\/v2\/types\/post"}],"author":[{"embeddable":true,"href":"https:\/\/www.elsindical.com.ar\/notas\/wp-json\/wp\/v2\/users\/1"}],"replies":[{"embeddable":true,"href":"https:\/\/www.elsindical.com.ar\/notas\/wp-json\/wp\/v2\/comments?post=58723"}],"version-history":[{"count":1,"href":"https:\/\/www.elsindical.com.ar\/notas\/wp-json\/wp\/v2\/posts\/58723\/revisions"}],"predecessor-version":[{"id":58725,"href":"https:\/\/www.elsindical.com.ar\/notas\/wp-json\/wp\/v2\/posts\/58723\/revisions\/58725"}],"wp:attachment":[{"href":"https:\/\/www.elsindical.com.ar\/notas\/wp-json\/wp\/v2\/media?parent=58723"}],"wp:term":[{"taxonomy":"category","embeddable":true,"href":"https:\/\/www.elsindical.com.ar\/notas\/wp-json\/wp\/v2\/categories?post=58723"},{"taxonomy":"post_tag","embeddable":true,"href":"https:\/\/www.elsindical.com.ar\/notas\/wp-json\/wp\/v2\/tags?post=58723"}],"curies":[{"name":"wp","href":"https:\/\/api.w.org\/{rel}","templated":true}]}}