{"id":58717,"date":"2016-04-12T13:34:33","date_gmt":"2016-04-12T16:34:33","guid":{"rendered":"http:\/\/www.elsindical.com.ar\/notas\/?p=58717"},"modified":"2016-04-12T13:34:33","modified_gmt":"2016-04-12T16:34:33","slug":"avellaneda-denuncian-aprietes-del-intendente-ferraresi-y-del-suma-a-empleados-municipales","status":"publish","type":"post","link":"https:\/\/www.elsindical.com.ar\/notas\/avellaneda-denuncian-aprietes-del-intendente-ferraresi-y-del-suma-a-empleados-municipales\/","title":{"rendered":"Avellaneda: Denuncian aprietes del intendente Ferraresi y del SUMA a empleados municipales"},"content":{"rendered":"<p><a href=\"http:\/\/www.elsindical.com.ar\/notas\/var\/www\/html\/notas\/wp-content\/uploads\/2015\/07\/Aversa-local-Hijos-del-Pueblo.jpg\" rel=\"attachment wp-att-52769\"><img loading=\"lazy\" decoding=\"async\" class=\"alignnone size-medium wp-image-52769\" src=\"http:\/\/www.elsindical.com.ar\/notas\/var\/www\/html\/notas\/wp-content\/uploads\/2015\/07\/Aversa-local-Hijos-del-Pueblo-300x210.jpg\" alt=\"Aversa-local-Hijos-del-Pueblo\" width=\"300\" height=\"210\" srcset=\"https:\/\/www.elsindical.com.ar\/notas\/var\/www\/html\/notas\/wp-content\/uploads\/2015\/07\/Aversa-local-Hijos-del-Pueblo-300x210.jpg 300w, https:\/\/www.elsindical.com.ar\/notas\/var\/www\/html\/notas\/wp-content\/uploads\/2015\/07\/Aversa-local-Hijos-del-Pueblo-429x300.jpg 429w, https:\/\/www.elsindical.com.ar\/notas\/var\/www\/html\/notas\/wp-content\/uploads\/2015\/07\/Aversa-local-Hijos-del-Pueblo.jpg 531w\" sizes=\"auto, (max-width: 300px) 100vw, 300px\" \/><\/a>\u00a0 Por estos d\u00edas, los medios han recibido varias denuncias de trabajadores del municipio de Avellaneda, respecto a reuniones y comunicados donde se los coacciona a concurrir a las movilizaciones en apoyo de Cristina, incluso algunos denuncian que se les comenz\u00f3 a solicitar los DNI, para chequear quienes est\u00e1n afiliados al partido justicialista.<\/p>\n<p>Hoy se conoci\u00f3 el comunicado de SUMA (Sindicato Unificado Municipales de Avellaneda) el cual a la fecha nadie sabe en qu\u00e9 momento obtuvo la Personer\u00eda Gremial, lo que implicar\u00eda seg\u00fan la Ley que legalmente pueda ser considerado sindicato, el \u00fanico sindicato legal a la fecha en Avellaneda, es el STMA, mal que le pese a Ferraresi o Aversa.<\/p>\n<p>Estas cuestiones m\u00e1s all\u00e1 de que uno comparta que pretendan apoyar al pol\u00edtico que sea, deber\u00edan hacerse sin presionar a nadie, si son realmente l\u00edderes cada uno en lo suyo deber\u00edan convocar y movilizar sin aprietes. Lo bueno es que Aversa mostr\u00f3 su juego, mientras por un lado dice representar a los trabajadores, con su comunicado afirma lo que siempre se dijo, que es un \u00abinvento\u00bb del intendente por dividir a los trabajadores que reclaman mejoras.<\/p>\n<p><a href=\"http:\/\/www.elsindical.com.ar\/notas\/var\/www\/html\/notas\/wp-content\/uploads\/2016\/04\/comunicado-SUMA-11-de-abril-2016.jpg\" rel=\"attachment wp-att-58718\"><img loading=\"lazy\" decoding=\"async\" class=\"alignnone size-medium wp-image-58718\" src=\"http:\/\/www.elsindical.com.ar\/notas\/var\/www\/html\/notas\/wp-content\/uploads\/2016\/04\/comunicado-SUMA-11-de-abril-2016-206x300.jpg\" alt=\"comunicado-SUMA-11-de-abril-2016\" width=\"206\" height=\"300\" srcset=\"https:\/\/www.elsindical.com.ar\/notas\/var\/www\/html\/notas\/wp-content\/uploads\/2016\/04\/comunicado-SUMA-11-de-abril-2016-206x300.jpg 206w, https:\/\/www.elsindical.com.ar\/notas\/var\/www\/html\/notas\/wp-content\/uploads\/2016\/04\/comunicado-SUMA-11-de-abril-2016.jpg 620w\" sizes=\"auto, (max-width: 206px) 100vw, 206px\" \/><\/a><\/p>\n","protected":false},"excerpt":{"rendered":"<p>\u00a0 Por estos d\u00edas, los medios han recibido varias denuncias de trabajadores del municipio de Avellaneda, respecto a reuniones y comunicados donde se los coacciona a concurrir a las movilizaciones en apoyo de Cristina, incluso algunos denuncian que se les comenz\u00f3 a solicitar los DNI, para chequear quienes est\u00e1n afiliados al partido justicialista. Hoy se&hellip;<\/p>\n","protected":false},"author":1,"featured_media":0,"comment_status":"open","ping_status":"open","sticky":false,"template":"","format":"standard","meta":{"footnotes":""},"categories":[6],"tags":[461,18556,1062,3141,927],"class_list":["post-58717","post","type-post","status-publish","format-standard","hentry","category-denuncias","tag-avellaneda","tag-daniel-aversa","tag-jorge-ferraresi","tag-stma","tag-suma"],"_links":{"self":[{"href":"https:\/\/www.elsindical.com.ar\/notas\/wp-json\/wp\/v2\/posts\/58717","targetHints":{"allow":["GET"]}}],"collection":[{"href":"https:\/\/www.elsindical.com.ar\/notas\/wp-json\/wp\/v2\/posts"}],"about":[{"href":"https:\/\/www.elsindical.com.ar\/notas\/wp-json\/wp\/v2\/types\/post"}],"author":[{"embeddable":true,"href":"https:\/\/www.elsindical.com.ar\/notas\/wp-json\/wp\/v2\/users\/1"}],"replies":[{"embeddable":true,"href":"https:\/\/www.elsindical.com.ar\/notas\/wp-json\/wp\/v2\/comments?post=58717"}],"version-history":[{"count":1,"href":"https:\/\/www.elsindical.com.ar\/notas\/wp-json\/wp\/v2\/posts\/58717\/revisions"}],"predecessor-version":[{"id":58719,"href":"https:\/\/www.elsindical.com.ar\/notas\/wp-json\/wp\/v2\/posts\/58717\/revisions\/58719"}],"wp:attachment":[{"href":"https:\/\/www.elsindical.com.ar\/notas\/wp-json\/wp\/v2\/media?parent=58717"}],"wp:term":[{"taxonomy":"category","embeddable":true,"href":"https:\/\/www.elsindical.com.ar\/notas\/wp-json\/wp\/v2\/categories?post=58717"},{"taxonomy":"post_tag","embeddable":true,"href":"https:\/\/www.elsindical.com.ar\/notas\/wp-json\/wp\/v2\/tags?post=58717"}],"curies":[{"name":"wp","href":"https:\/\/api.w.org\/{rel}","templated":true}]}}