{"id":58712,"date":"2016-04-12T11:27:30","date_gmt":"2016-04-12T14:27:30","guid":{"rendered":"http:\/\/www.elsindical.com.ar\/notas\/?p=58712"},"modified":"2016-04-12T11:27:30","modified_gmt":"2016-04-12T14:27:30","slug":"pereyra-denuncio-200-despidos-y-reclamo-aumento-del-40","status":"publish","type":"post","link":"https:\/\/www.elsindical.com.ar\/notas\/pereyra-denuncio-200-despidos-y-reclamo-aumento-del-40\/","title":{"rendered":"Pereyra denunci\u00f3 200 despidos y reclam\u00f3 aumento del 40%"},"content":{"rendered":"<p class=\"copete\"><em><a href=\"http:\/\/www.elsindical.com.ar\/notas\/var\/www\/html\/notas\/wp-content\/uploads\/2013\/01\/Guillermo-Pereyra-secretario-general.jpg\" rel=\"attachment wp-att-31573\"><img loading=\"lazy\" decoding=\"async\" class=\"alignnone size-medium wp-image-31573\" src=\"http:\/\/www.elsindical.com.ar\/notas\/var\/www\/html\/notas\/wp-content\/uploads\/2013\/01\/Guillermo-Pereyra-secretario-general-300x225.jpg\" alt=\"Guillermo-Pereyra-secretario-general\" width=\"300\" height=\"225\" srcset=\"https:\/\/www.elsindical.com.ar\/notas\/var\/www\/html\/notas\/wp-content\/uploads\/2013\/01\/Guillermo-Pereyra-secretario-general-300x225.jpg 300w, https:\/\/www.elsindical.com.ar\/notas\/var\/www\/html\/notas\/wp-content\/uploads\/2013\/01\/Guillermo-Pereyra-secretario-general-399x300.jpg 399w, https:\/\/www.elsindical.com.ar\/notas\/var\/www\/html\/notas\/wp-content\/uploads\/2013\/01\/Guillermo-Pereyra-secretario-general.jpg 413w\" sizes=\"auto, (max-width: 300px) 100vw, 300px\" \/><\/a>\u00a0 El dirigente de Petroleros se reunir\u00e1 con la c\u00e1mara empresaria del sector para intentar avanzar en una recomposici\u00f3n salarial para los trabajadores.<\/em><\/p>\n<p>El secretario general del Sindicato de Petr\u00f3leo y Gas Privado de R\u00edo Negro, Neuqu\u00e9n y La Pampa, <strong>Guillermo Pereyra<\/strong>, anticip\u00f3 que este martes realizar\u00e1 un reclamo a la c\u00e1mara empresaria del sector, durante una reuni\u00f3n que comenzar\u00e1 a las 15 en Buenos Aires.<\/p>\n<p>Pereyra dijo que \u00ab<strong>pretenden un 40 por ciento de recomposici\u00f3n salarial<\/strong>, para recuperar el nivel del salario de los trabajadores\u00bb, y asegur\u00f3 que \u00abcon las sumas fijas anteriores hemos tenido una p\u00e9rdida del salario real del 8% y si somos moderados, la proyecci\u00f3n inflacionaria para este a\u00f1o va a ser de un 32%\u00bb.<\/p>\n<p>El titular de la organizaci\u00f3n sindical de los petroleros de la regi\u00f3n, critic\u00f3 \u00aba <strong>empresas que han bajado la actividad<\/strong>, puntualmente en el yacimiento \u00abEl Trapial\u00bb (Neuqu\u00e9n)\u00bb y pidi\u00f3 a quienes ejercen el poder de control que \u00abdeterminen los motivos de esta baja de la producci\u00f3n\u00bb.<\/p>\n<p>\u00abNo hay ning\u00fan equipo trabajando y han parado la producci\u00f3n de varios pozos;<strong> han despedido en forma indirecta a m\u00e1s de 200 compa\u00f1eros<\/strong>, pag\u00e1ndoles indemnizaciones donde nosotros no podemos hacer nada; pero ahora estas empresas quieren entrar en procedimiento de crisis y no lo vamos a permitir porque ya han producido despidos indirectos\u201d, denunci\u00f3.<\/p>\n<p>Pereyra sostuvo que \u00aben todos estos problemas es donde debemos ir buscando soluciones, para que los compa\u00f1eros puedan volver al trabajo, que es lo que est\u00e1n pidiendo\u201d.<\/p>\n","protected":false},"excerpt":{"rendered":"<p>\u00a0 El dirigente de Petroleros se reunir\u00e1 con la c\u00e1mara empresaria del sector para intentar avanzar en una recomposici\u00f3n salarial para los trabajadores. El secretario general del Sindicato de Petr\u00f3leo y Gas Privado de R\u00edo Negro, Neuqu\u00e9n y La Pampa, Guillermo Pereyra, anticip\u00f3 que este martes realizar\u00e1 un reclamo a la c\u00e1mara empresaria del sector,&hellip;<\/p>\n","protected":false},"author":1,"featured_media":0,"comment_status":"open","ping_status":"open","sticky":false,"template":"","format":"standard","meta":{"footnotes":""},"categories":[16],"tags":[53,14643,1326,5809],"class_list":["post-58712","post","type-post","status-publish","format-standard","hentry","category-gremiales","tag-despidos","tag-guillermo-pereyra","tag-neuquen","tag-petroleros"],"_links":{"self":[{"href":"https:\/\/www.elsindical.com.ar\/notas\/wp-json\/wp\/v2\/posts\/58712","targetHints":{"allow":["GET"]}}],"collection":[{"href":"https:\/\/www.elsindical.com.ar\/notas\/wp-json\/wp\/v2\/posts"}],"about":[{"href":"https:\/\/www.elsindical.com.ar\/notas\/wp-json\/wp\/v2\/types\/post"}],"author":[{"embeddable":true,"href":"https:\/\/www.elsindical.com.ar\/notas\/wp-json\/wp\/v2\/users\/1"}],"replies":[{"embeddable":true,"href":"https:\/\/www.elsindical.com.ar\/notas\/wp-json\/wp\/v2\/comments?post=58712"}],"version-history":[{"count":1,"href":"https:\/\/www.elsindical.com.ar\/notas\/wp-json\/wp\/v2\/posts\/58712\/revisions"}],"predecessor-version":[{"id":58713,"href":"https:\/\/www.elsindical.com.ar\/notas\/wp-json\/wp\/v2\/posts\/58712\/revisions\/58713"}],"wp:attachment":[{"href":"https:\/\/www.elsindical.com.ar\/notas\/wp-json\/wp\/v2\/media?parent=58712"}],"wp:term":[{"taxonomy":"category","embeddable":true,"href":"https:\/\/www.elsindical.com.ar\/notas\/wp-json\/wp\/v2\/categories?post=58712"},{"taxonomy":"post_tag","embeddable":true,"href":"https:\/\/www.elsindical.com.ar\/notas\/wp-json\/wp\/v2\/tags?post=58712"}],"curies":[{"name":"wp","href":"https:\/\/api.w.org\/{rel}","templated":true}]}}