{"id":5871,"date":"2010-04-26T14:49:39","date_gmt":"2010-04-26T17:49:39","guid":{"rendered":"http:\/\/www.elsindical.com.ar\/notas\/?p=5871"},"modified":"2010-04-27T19:28:20","modified_gmt":"2010-04-27T22:28:20","slug":"desde-hace-dias-la-ciudad-es-un-basural","status":"publish","type":"post","link":"https:\/\/www.elsindical.com.ar\/notas\/desde-hace-dias-la-ciudad-es-un-basural\/","title":{"rendered":"Desde hace d\u00edas la ciudad es un basural"},"content":{"rendered":"<p style=\"text-align: justify;\"><em><a href=\"http:\/\/www.elsindical.com.ar\/notas\/var\/www\/html\/notas\/wp-content\/uploads\/2010\/04\/basura-esquina-de-la-ciudad.jpg\"><img loading=\"lazy\" decoding=\"async\" class=\"alignleft size-full wp-image-5872\" title=\"basura-esquina-de-la-ciudad\" src=\"http:\/\/www.elsindical.com.ar\/notas\/var\/www\/html\/notas\/wp-content\/uploads\/2010\/04\/basura-esquina-de-la-ciudad.jpg\" alt=\"\" width=\"255\" height=\"178\" \/><\/a>Es por un conflicto gremial. El Gobierno porte\u00f1o pidi\u00f3 a los vecinos no saquen la basura. La basura se acumula desde el viernes por la noche.<\/em><\/p>\n<p style=\"text-align: justify;\">El Gobierno porte\u00f1o pidi\u00f3 a los vecinos que no saquen su basura a la calle, porque una \u00abmedida de fuerza\u00bb tomada por trabajadores de la CEAMSE cerr\u00f3 las puertas de las plantas de transferencias de residuos.<\/p>\n<p style=\"text-align: justify;\">El Ministerio de Ambiente y Espacio P\u00fablico porte\u00f1o emiti\u00f3 un comunicado en el que advirti\u00f3 que el \u00abconflicto gremial\u00bb no alcanza a los trabajadores de la Ciudad, quienes \u00abest\u00e1n listos para cumplir con su tarea\u00bb de recolecci\u00f3n de residuos.<\/p>\n<p style=\"text-align: justify;\">Sin embargo, \u00abel problema central es que los camiones no tienen d\u00f3nde depositar los residuos\u00bb, agreg\u00f3 el ministerio que encabeza Diego Santilli, que avisar\u00e1 a los habitantes cuando la situaci\u00f3n se normalice.<\/p>\n","protected":false},"excerpt":{"rendered":"<p>Es por un conflicto gremial. El Gobierno porte\u00f1o pidi\u00f3 a los vecinos no saquen la basura. La basura se acumula desde el viernes por la noche. El Gobierno porte\u00f1o pidi\u00f3 a los vecinos que no saquen su basura a la calle, porque una \u00abmedida de fuerza\u00bb tomada por trabajadores de la CEAMSE cerr\u00f3 las puertas&hellip;<\/p>\n","protected":false},"author":1,"featured_media":0,"comment_status":"open","ping_status":"open","sticky":false,"template":"","format":"standard","meta":{"footnotes":""},"categories":[10],"tags":[3100,1536,3099,436,756,67],"class_list":["post-5871","post","type-post","status-publish","format-standard","hentry","category-editorial","tag-acumulado","tag-basura","tag-ceamse","tag-conflicto","tag-diego-santilli","tag-paro"],"_links":{"self":[{"href":"https:\/\/www.elsindical.com.ar\/notas\/wp-json\/wp\/v2\/posts\/5871","targetHints":{"allow":["GET"]}}],"collection":[{"href":"https:\/\/www.elsindical.com.ar\/notas\/wp-json\/wp\/v2\/posts"}],"about":[{"href":"https:\/\/www.elsindical.com.ar\/notas\/wp-json\/wp\/v2\/types\/post"}],"author":[{"embeddable":true,"href":"https:\/\/www.elsindical.com.ar\/notas\/wp-json\/wp\/v2\/users\/1"}],"replies":[{"embeddable":true,"href":"https:\/\/www.elsindical.com.ar\/notas\/wp-json\/wp\/v2\/comments?post=5871"}],"version-history":[{"count":4,"href":"https:\/\/www.elsindical.com.ar\/notas\/wp-json\/wp\/v2\/posts\/5871\/revisions"}],"predecessor-version":[{"id":5923,"href":"https:\/\/www.elsindical.com.ar\/notas\/wp-json\/wp\/v2\/posts\/5871\/revisions\/5923"}],"wp:attachment":[{"href":"https:\/\/www.elsindical.com.ar\/notas\/wp-json\/wp\/v2\/media?parent=5871"}],"wp:term":[{"taxonomy":"category","embeddable":true,"href":"https:\/\/www.elsindical.com.ar\/notas\/wp-json\/wp\/v2\/categories?post=5871"},{"taxonomy":"post_tag","embeddable":true,"href":"https:\/\/www.elsindical.com.ar\/notas\/wp-json\/wp\/v2\/tags?post=5871"}],"curies":[{"name":"wp","href":"https:\/\/api.w.org\/{rel}","templated":true}]}}