{"id":5866,"date":"2010-04-26T14:43:34","date_gmt":"2010-04-26T17:43:34","guid":{"rendered":"http:\/\/www.elsindical.com.ar\/notas\/?p=5866"},"modified":"2010-04-26T14:43:52","modified_gmt":"2010-04-26T17:43:52","slug":"nacio-matilda-la-hija-de-mariana-fabbiani","status":"publish","type":"post","link":"https:\/\/www.elsindical.com.ar\/notas\/nacio-matilda-la-hija-de-mariana-fabbiani\/","title":{"rendered":"Naci\u00f3 Matilda, la hija de Mariana Fabbiani"},"content":{"rendered":"<p style=\"text-align: justify;\"><a href=\"http:\/\/www.elsindical.com.ar\/notas\/var\/www\/html\/notas\/wp-content\/uploads\/2010\/04\/Mariana-Fabbiani.jpg\"><img loading=\"lazy\" decoding=\"async\" class=\"alignleft size-full wp-image-5867\" title=\"Mariana-Fabbiani\" src=\"http:\/\/www.elsindical.com.ar\/notas\/var\/www\/html\/notas\/wp-content\/uploads\/2010\/04\/Mariana-Fabbiani.jpg\" alt=\"\" width=\"198\" height=\"198\" srcset=\"https:\/\/www.elsindical.com.ar\/notas\/var\/www\/html\/notas\/wp-content\/uploads\/2010\/04\/Mariana-Fabbiani.jpg 198w, https:\/\/www.elsindical.com.ar\/notas\/var\/www\/html\/notas\/wp-content\/uploads\/2010\/04\/Mariana-Fabbiani-150x150.jpg 150w\" sizes=\"auto, (max-width: 198px) 100vw, 198px\" \/><\/a>La animadora fue madre hoy por primera vez al dar a luz a Matilda Chihade Fabbiani, tambi\u00e9n hija del director de la productora Mandarina, Mariano Chihade. Fabbiani, quien se tom\u00f3 licencia por maternidad hace pocos d\u00edas atr\u00e1s, dej\u00f3 la conducci\u00f3n del ciclo que Am\u00e9rica emite de lunes a viernes de 20:00 hs.\u00a0a 21:00 hs., a la dupla conformada por Humberto Tortonese y Nacho Goano.<\/p>\n<p style=\"text-align: justify;\">La animadora Mariana Fabbiani fue madre hoy por primera vez al dar a luz a Matilda Chihade Fabbiani, tambi\u00e9n hija del director de la productora Mandarina, Mariano Chihade.<\/p>\n<p>Fuentes de la televisora Am\u00e9rica, donde la nieta del artista tanguero Mariano Mores comanda el magazine \u00abRSM\u201d, indicaron a T\u00e9lam que tanto la madre como la beb\u00e9 se encuentran bien.<\/p>\n<p>Fabbiani, quien se tom\u00f3 licencia por maternidad hace pocos d\u00edas atr\u00e1s, dej\u00f3 la conducci\u00f3n del ciclo que Am\u00e9rica emite de lunes a viernes de 20:00 hs.\u00a0a 21:00 hs., a la dupla conformada por Humberto Tortonese y Nacho Goano.<\/p>\n","protected":false},"excerpt":{"rendered":"<p>La animadora fue madre hoy por primera vez al dar a luz a Matilda Chihade Fabbiani, tambi\u00e9n hija del director de la productora Mandarina, Mariano Chihade. Fabbiani, quien se tom\u00f3 licencia por maternidad hace pocos d\u00edas atr\u00e1s, dej\u00f3 la conducci\u00f3n del ciclo que Am\u00e9rica emite de lunes a viernes de 20:00 hs.\u00a0a 21:00 hs., a&hellip;<\/p>\n","protected":false},"author":1,"featured_media":0,"comment_status":"open","ping_status":"open","sticky":false,"template":"","format":"standard","meta":{"footnotes":""},"categories":[24],"tags":[3097,3098],"class_list":["post-5866","post","type-post","status-publish","format-standard","hentry","category-sociales","tag-mariana-fabbiani","tag-matilda-chihade-fabbiani"],"_links":{"self":[{"href":"https:\/\/www.elsindical.com.ar\/notas\/wp-json\/wp\/v2\/posts\/5866","targetHints":{"allow":["GET"]}}],"collection":[{"href":"https:\/\/www.elsindical.com.ar\/notas\/wp-json\/wp\/v2\/posts"}],"about":[{"href":"https:\/\/www.elsindical.com.ar\/notas\/wp-json\/wp\/v2\/types\/post"}],"author":[{"embeddable":true,"href":"https:\/\/www.elsindical.com.ar\/notas\/wp-json\/wp\/v2\/users\/1"}],"replies":[{"embeddable":true,"href":"https:\/\/www.elsindical.com.ar\/notas\/wp-json\/wp\/v2\/comments?post=5866"}],"version-history":[{"count":3,"href":"https:\/\/www.elsindical.com.ar\/notas\/wp-json\/wp\/v2\/posts\/5866\/revisions"}],"predecessor-version":[{"id":5870,"href":"https:\/\/www.elsindical.com.ar\/notas\/wp-json\/wp\/v2\/posts\/5866\/revisions\/5870"}],"wp:attachment":[{"href":"https:\/\/www.elsindical.com.ar\/notas\/wp-json\/wp\/v2\/media?parent=5866"}],"wp:term":[{"taxonomy":"category","embeddable":true,"href":"https:\/\/www.elsindical.com.ar\/notas\/wp-json\/wp\/v2\/categories?post=5866"},{"taxonomy":"post_tag","embeddable":true,"href":"https:\/\/www.elsindical.com.ar\/notas\/wp-json\/wp\/v2\/tags?post=5866"}],"curies":[{"name":"wp","href":"https:\/\/api.w.org\/{rel}","templated":true}]}}