{"id":58567,"date":"2016-04-07T10:41:10","date_gmt":"2016-04-07T13:41:10","guid":{"rendered":"http:\/\/www.elsindical.com.ar\/notas\/?p=58567"},"modified":"2017-05-26T09:47:08","modified_gmt":"2017-05-26T12:47:08","slug":"palo-pandolfo-y-ariel-prat-en-apoyo-a-despedidos-del-hospital-posadas","status":"publish","type":"post","link":"https:\/\/www.elsindical.com.ar\/notas\/palo-pandolfo-y-ariel-prat-en-apoyo-a-despedidos-del-hospital-posadas\/","title":{"rendered":"Palo Pandolfo y Ariel Prat en apoyo a despedidos del Hospital Posadas"},"content":{"rendered":"<p><strong><u><a href=\"http:\/\/www.elsindical.com.ar\/notas\/var\/www\/html\/notas\/wp-content\/uploads\/2016\/04\/defensa-de-la-salud-p\u00fablica.jpg\" rel=\"attachment wp-att-58568\"><img loading=\"lazy\" decoding=\"async\" class=\"alignnone size-medium wp-image-58568\" src=\"http:\/\/www.elsindical.com.ar\/notas\/var\/www\/html\/notas\/wp-content\/uploads\/2016\/04\/defensa-de-la-salud-p\u00fablica-200x300.jpg\" alt=\"defensa-de-la-salud-p\u00fablica\" width=\"200\" height=\"300\" srcset=\"https:\/\/www.elsindical.com.ar\/notas\/var\/www\/html\/notas\/wp-content\/uploads\/2016\/04\/defensa-de-la-salud-p\u00fablica-200x300.jpg 200w, https:\/\/www.elsindical.com.ar\/notas\/var\/www\/html\/notas\/wp-content\/uploads\/2016\/04\/defensa-de-la-salud-p\u00fablica.jpg 443w\" sizes=\"auto, (max-width: 200px) 100vw, 200px\" \/><\/a>Comienza con una conferencia de prensa<br \/>\n<\/u><\/strong><\/p>\n<div><b><span style=\"font-size: large;\">Jornada Cultural en el Hospital posadas este jueves 7 de abril dese las 11 horas con Palo Pandolfo, Ariel Prat y otros artistas, por la reincorporaci\u00f3n de todos los despedidos y contra el vaciamiento de este centro de salud nacional.<\/span><\/b><\/p>\n<p>La Asociaci\u00f3n de Profesionales del Hospital Posadas (APHP), gremio representado a nivel provincial por la Asociaci\u00f3n Sindical de Profesionales de la Salud de la Provincia de Buenos Aires (CICOP) y a nivel nacional por la Federaci\u00f3n Sindical de Profesionales de la Salud de la Rep\u00fablica Argentina (FESPROSA), realiza este jueves 07 de abril de 2016 de 11 a 15 horas. un festival art\u00edstico en la entrada principal del hospital, en el marco del D\u00eda Mundial de la Salud, que comenzar\u00e1 con una conferencia de prensa. La jornada se desarrollar\u00e1 en apoyo a la Comisi\u00f3n de los Trabajadores Despedidos del Hospital Posadas, y participar\u00e1n el Sindicato de Trabajadores de la Salud \u2013STS, \u00a0la UES, la CTA de los Argentinos Regional Oeste y Agrupaciones disidentes de ATE.<\/p><\/div>\n<div><\/div>\n<div>Participar\u00e1n artistas de renombre, como los m\u00fasicos Palo Pandolfo y Ariel Prat, y La Mejunjera, Fede Bardotti, Mat\u00edas Merelli, Walter Soria y Fabi\u00e1n Senes. En caso de lluvia, se realizar\u00e1 en el Aula Magna.<\/div>\n<div>\n\u00abComo parte del ajuste del gobierno de Mauricio Macri en nuestro hospital fueron despedidos 641 trabajadores (incluyendo embarazadas y compa\u00f1eros con capacidades diferentes), 4 m\u00e9dicos (extranjeros), 2 cardiocirujanos infantiles,1 pediatra y 1 de anatom\u00eda patol\u00f3gica, siendo afectados adem\u00e1s los sectores de limpieza, seguridad, mantenimiento, facturaci\u00f3n, archivo, etc. Estos compa\u00f1eros no son \u00f1oquis, todos son trabajadores que cumpl\u00edan funciones efectivas\u00bb, expresaron.<\/p>\n<p>\u00abDesde hace 15 d\u00edas los despedidos se encuentran acampando en el hall del hospital reclamando su reincorporaci\u00f3n y para enfrentar la nueva ola de despidos, junto con el resto de los compa\u00f1eros del hospital\u00bb, ampliaron en un comunicado conjunto.<\/p>\n<p>\u00abMientras tanto, el doctor Alberto D\u00edaz Legaspe, director macrista del hospital, impone horas extras para cubrir, por ejemplo la higiene de los quir\u00f3fanos, la terapia intensiva y la guardia, demostrando as\u00ed que nuestros compa\u00f1eros no sobraban y dejando claro el vaciamiento del hospital y la intenci\u00f3n privatizadora de los servicios. Por esto consideramos que pelear por la reincorporaci\u00f3n de todos nuestros compa\u00f1eros es pelear en defensa de la \u00a0salud p\u00fablica\u00bb, opinaron.<\/p>\n<p>\u00abLa defensa de la salud p\u00fablica y gratuita es una tarea de todos. Por eso convocamos a acompa\u00f1arnos a todas las organizaciones, gremiales, sociales, de Derechos Humanos, pacientes y a toda la comunidad\u00bb, finalizaron.<\/p>\n<p>Entrevistas por trabajadores despedidos: Virginia Passo: 1162234597 \/ Manuel Molina: 1558629696 \/ Hern\u00e1n Drago: 1161933942 \/ Fausto Sosa: 1123291410<\/p><\/div>\n","protected":false},"excerpt":{"rendered":"<p>Comienza con una conferencia de prensa Jornada Cultural en el Hospital posadas este jueves 7 de abril dese las 11 horas con Palo Pandolfo, Ariel Prat y otros artistas, por la reincorporaci\u00f3n de todos los despedidos y contra el vaciamiento de este centro de salud nacional. La Asociaci\u00f3n de Profesionales del Hospital Posadas (APHP), gremio&hellip;<\/p>\n","protected":false},"author":1,"featured_media":0,"comment_status":"open","ping_status":"open","sticky":false,"template":"","format":"standard","meta":{"footnotes":""},"categories":[25],"tags":[21794,23357,23358,2172,1836,23356],"class_list":["post-58567","post","type-post","status-publish","format-standard","hentry","category-sociedad","tag-agarrate-catalina","tag-ariel-prat","tag-cicop-aphp","tag-fesprosa","tag-hospital-posadas","tag-palo-pandolfo"],"_links":{"self":[{"href":"https:\/\/www.elsindical.com.ar\/notas\/wp-json\/wp\/v2\/posts\/58567","targetHints":{"allow":["GET"]}}],"collection":[{"href":"https:\/\/www.elsindical.com.ar\/notas\/wp-json\/wp\/v2\/posts"}],"about":[{"href":"https:\/\/www.elsindical.com.ar\/notas\/wp-json\/wp\/v2\/types\/post"}],"author":[{"embeddable":true,"href":"https:\/\/www.elsindical.com.ar\/notas\/wp-json\/wp\/v2\/users\/1"}],"replies":[{"embeddable":true,"href":"https:\/\/www.elsindical.com.ar\/notas\/wp-json\/wp\/v2\/comments?post=58567"}],"version-history":[{"count":1,"href":"https:\/\/www.elsindical.com.ar\/notas\/wp-json\/wp\/v2\/posts\/58567\/revisions"}],"predecessor-version":[{"id":58569,"href":"https:\/\/www.elsindical.com.ar\/notas\/wp-json\/wp\/v2\/posts\/58567\/revisions\/58569"}],"wp:attachment":[{"href":"https:\/\/www.elsindical.com.ar\/notas\/wp-json\/wp\/v2\/media?parent=58567"}],"wp:term":[{"taxonomy":"category","embeddable":true,"href":"https:\/\/www.elsindical.com.ar\/notas\/wp-json\/wp\/v2\/categories?post=58567"},{"taxonomy":"post_tag","embeddable":true,"href":"https:\/\/www.elsindical.com.ar\/notas\/wp-json\/wp\/v2\/tags?post=58567"}],"curies":[{"name":"wp","href":"https:\/\/api.w.org\/{rel}","templated":true}]}}