{"id":58558,"date":"2016-04-06T15:43:51","date_gmt":"2016-04-06T18:43:51","guid":{"rendered":"http:\/\/www.elsindical.com.ar\/notas\/?p=58558"},"modified":"2016-04-06T15:43:51","modified_gmt":"2016-04-06T18:43:51","slug":"lanus-allanamientos-exitosos-en-remedios-de-escalada-varios-detenidos","status":"publish","type":"post","link":"https:\/\/www.elsindical.com.ar\/notas\/lanus-allanamientos-exitosos-en-remedios-de-escalada-varios-detenidos\/","title":{"rendered":"Lan\u00fas: Allanamientos exitosos en Remedios de Escalada, varios detenidos"},"content":{"rendered":"<p><u><a href=\"http:\/\/www.elsindical.com.ar\/notas\/var\/www\/html\/notas\/wp-content\/uploads\/2016\/04\/revolver-357.jpg\" rel=\"attachment wp-att-58559\"><img loading=\"lazy\" decoding=\"async\" class=\"alignnone size-medium wp-image-58559\" src=\"http:\/\/www.elsindical.com.ar\/notas\/var\/www\/html\/notas\/wp-content\/uploads\/2016\/04\/revolver-357-300x255.jpg\" alt=\"revolver-357\" width=\"300\" height=\"255\" srcset=\"https:\/\/www.elsindical.com.ar\/notas\/var\/www\/html\/notas\/wp-content\/uploads\/2016\/04\/revolver-357-300x255.jpg 300w, https:\/\/www.elsindical.com.ar\/notas\/var\/www\/html\/notas\/wp-content\/uploads\/2016\/04\/revolver-357-352x300.jpg 352w, https:\/\/www.elsindical.com.ar\/notas\/var\/www\/html\/notas\/wp-content\/uploads\/2016\/04\/revolver-357.jpg 531w\" sizes=\"auto, (max-width: 300px) 100vw, 300px\" \/><\/a>FECHA, HORA, LUGAR<\/u>: 06 DE ABRIL DE 2016, 06:00 HS<\/p>\n<p><u>OBJETIVOS<\/u> <u>01: MARCOS AVELLANEDA 1207.-<\/u><\/p>\n<p><u>02: TIMOTE 3711.-<\/u><\/p>\n<p><u>03: SAN SALVADOR 3378.- <\/u><\/p>\n<p><u>04: 3 DE FEBRERO 3388.-<\/u><\/p>\n<p><u>05: HERNANDARIAS 2230.-<\/u><\/p>\n<p><u>06: SANTIAGO DEL ESTERO 3324.- <\/u><\/p>\n<p><u>07: TABORDA 4269.- <\/u><\/p>\n<p>&nbsp;<\/p>\n<p>CALIFICACI\u00d3N LEGAL: COACCION AGRAVADA POR EL EMPLEO DE ARMA LESIO-\/<\/p>\n<p>NES, LESIONES AGRAVADAS POR COMETERSE CONTRA UN<\/p>\n<p>MIENBRO DE LA FUERZA DE SEGURIDAD POLICIAL POR SU<\/p>\n<p>FUNCION Y POR COMETERSE CON MOTIVO O EN OCASI\u00d3N<\/p>\n<p>DE UN ESPECTACULO DEPORTIVO ( REITERADAS EN 19 HE-<\/p>\n<p>CHOS) E INCENDIO CON PELIGRO COMUN PARA LOS BIE-\/<\/p>\n<p>NES Y DE MUERTE PARA LAS PERSONAS, TODO ELLO EN -\/<\/p>\n<p>CONCURSO REAL ENTRE SI, CONCURSANDO IDEALMENTE<\/p>\n<p>CON RESISTENCIA A LA AUTORIDAD CON MOTIVO U OCA-<\/p>\n<p>SI\u00d3N DE UN ESPECTACULO DEPORTIVO.-<\/p>\n<p>&nbsp;<\/p>\n<p><u>DETENIDOS<\/u>: <strong><u>MARCELO WALTER MARINO<\/u><\/strong>, argentino de 40 a\u00f1os, solte-<\/p>\n<p>ro, desocupado, ddo. Calle Dr. Melo Nro. 4636 de este -\/<\/p>\n<p>medio.<\/p>\n<p><strong><u>GUIDA EMANUEL ROBERTO<\/u><\/strong><u>, <\/u> argentino de 30 a\u00f1os, solte<\/p>\n<p>ro, sin ocupaci\u00f3n, ddo. Calle Santiago del Estero numero<\/p>\n<p>3324 de este medio<\/p>\n<p><strong><u>RUB\u00c9N DAR\u00cdO MARINO<\/u><\/strong> argentino de 33 a\u00f1os, soltero,<\/p>\n<p>Ddo. Calle Dr. Melo Nro. 4636 de este medio,<\/p>\n<p><u>ELEMENTOS SECUESTRADOS<\/u>: 10 REMERAS DEPORTIVAS DEL CLUB ATL\u00c9TICO TALLERES.-<\/p>\n<p>01 REV\u00d3LVER CALIBRE 357 MAGNUN MARCA SMITH &amp;<\/p>\n<p>WESSON n\u00famero 6BPKE095780088019.-<\/p>\n<p><u>INTERVENCI\u00d3N<\/u>: UFI N\u00ba 1 Dra. VIVIANA GIORGI Depto. Judicial de Lo- mas de Zamora.-<\/p>\n<p><u>_____________________________________________________________________________________<\/u><\/p>\n<p><u>S\u00cdNTESIS DE LOS HECHOS<\/u>:<\/p>\n<p>Llevo a conocimiento del Sr. Jefe que en la fecha promediando las 06:00 hs se dio inicio a las ordenes de allanamientos de los QTH asignados con la colaboraci\u00f3n de los Gabinetes de Prevenci\u00f3n de las seccionales de Lan\u00fas 1 a la 10 con los titulares, un escal\u00f3n del Grupo Halc\u00f3n, 6 -\/\/ grupos de Infanter\u00eda y Grupo Gad de Lan\u00fas.- Que una vez irrumpido los domicilios mencionados se pasa a describir los resultados de cada uno de ellos: <strong>01) MARCOS AVELLANEDA 1207 arroja resultado NEGATIVO<\/strong>, <strong>02) TIMOTE 3711<\/strong> <strong>arroja resultado NEGATIVO<\/strong>. <strong>03) SAN SALVADOR n\u00faumero 3378<\/strong> se secuestran 01 buzo azul y rojo con logo club talleres, 01 chaleco del mismo club, 02 camisetas del mismo club, 06 camisetas de fotbal de talleres, 1 remera con la fotograf\u00eda del sindicado \u201cCOCERES JONATHAN\u201d, <strong>04) 3 DE FEBRERO n\u00famero 3378 arroja resultado NEGATIVO<\/strong>, <strong>05) HERNANDARIAS Numero 2230<\/strong> se <strong>SECUESTRA UN REV\u00d3LVER CALIBRE 357 MAGNUN<\/strong>, <strong>06) SANTIAGO DEL ESTERO numero 3324<\/strong> se procede a la detenci\u00f3n de <strong>GUIDA EMANUEL ROBERTO<\/strong> , <strong>07) TABORDA n\u00famero 4269 arroja resultado NEGATIVO<\/strong>.-<\/p>\n<p>Que finalizada la diligencia se establece que en la calle Dr. Melo entre Rosales y Garay de este medio se estaba guareciendo en un domicilio el sindicado MARCELO MARINO quien posee orden de detenci\u00f3n y al estar realizando tareas de observaci\u00f3n con personal de civil del gabinete de Prevencion de este elemento, se observa la llegada de una camioneta marca Citroen Berlingo de color blanca, la cual desciende un masculino y llama a la puerta saliendo del lugar el identificado MARCELO quien al intentar subir a la camioneta es interceptado por la comisi\u00f3n policial siendo detenido y trasladado al asiento de la seccional.<\/p>\n<p>Que se identifica al hermano de este como MARINO RUB\u00c9N (dem\u00e1s circunstancias persona les son de conocimiento) a quien se lo traslada al asiento de la seccional por su accionar.<\/p>\n<p>Se mantiene comunicaci\u00f3n telef\u00f3nica con la UFI n\u00famero 01 en la persona de la Dra. VIVIANA GIORGI quien interiorizada dispuso medidas de rigor con MARINO MARCELO , y respecto al hermano RUB\u00c9N MARINO queda identificado y no toma medida de coerci\u00f3n.<\/p>\n<p>Los detenidos ser\u00e1n conducidos dia de ma\u00f1ana a sede judicial.<\/p>\n<p><a href=\"http:\/\/distritalavellaneda.com.ar\/wp-content\/uploads\/2016\/04\/Santiago-del-Estero-3324.jpg\" rel=\"attachment wp-att-6174\"><img loading=\"lazy\" decoding=\"async\" class=\"alignnone size-medium wp-image-6174\" src=\"http:\/\/distritalavellaneda.com.ar\/wp-content\/uploads\/2016\/04\/Santiago-del-Estero-3324-300x232.jpg\" alt=\"Santiago-del-Estero-3324\" width=\"300\" height=\"232\" \/><\/a> <a href=\"http:\/\/distritalavellaneda.com.ar\/wp-content\/uploads\/2016\/04\/Hernan-Arias-2230.jpg\" rel=\"attachment wp-att-6173\"><img loading=\"lazy\" decoding=\"async\" class=\"alignnone size-medium wp-image-6173\" src=\"http:\/\/distritalavellaneda.com.ar\/wp-content\/uploads\/2016\/04\/Hernan-Arias-2230-300x219.jpg\" alt=\"Hernan-Arias-2230\" width=\"300\" height=\"219\" \/><\/a> <a href=\"http:\/\/distritalavellaneda.com.ar\/wp-content\/uploads\/2016\/04\/Taborda-4269.jpg\" rel=\"attachment wp-att-6172\"><img loading=\"lazy\" decoding=\"async\" class=\"alignnone size-medium wp-image-6172\" src=\"http:\/\/distritalavellaneda.com.ar\/wp-content\/uploads\/2016\/04\/Taborda-4269-300x221.jpg\" alt=\"Taborda-4269\" width=\"300\" height=\"221\" \/><\/a> <a href=\"http:\/\/distritalavellaneda.com.ar\/wp-content\/uploads\/2016\/04\/3-de-febrero-3388.jpg\" rel=\"attachment wp-att-6171\"><img loading=\"lazy\" decoding=\"async\" class=\"alignnone size-medium wp-image-6171\" src=\"http:\/\/distritalavellaneda.com.ar\/wp-content\/uploads\/2016\/04\/3-de-febrero-3388-300x210.jpg\" alt=\"3-de-febrero-3388\" width=\"300\" height=\"210\" \/><\/a> <a href=\"http:\/\/distritalavellaneda.com.ar\/wp-content\/uploads\/2016\/04\/San-Salvador-3378.jpg\" rel=\"attachment wp-att-6170\"><img loading=\"lazy\" decoding=\"async\" class=\"alignnone size-medium wp-image-6170\" src=\"http:\/\/distritalavellaneda.com.ar\/wp-content\/uploads\/2016\/04\/San-Salvador-3378-300x220.jpg\" alt=\"San-Salvador-3378\" width=\"300\" height=\"220\" \/><\/a> <a href=\"http:\/\/distritalavellaneda.com.ar\/wp-content\/uploads\/2016\/04\/Ruben-Dario-Marino.jpg\" rel=\"attachment wp-att-6165\"><img loading=\"lazy\" decoding=\"async\" class=\"alignnone size-medium wp-image-6165\" src=\"http:\/\/distritalavellaneda.com.ar\/wp-content\/uploads\/2016\/04\/Ruben-Dario-Marino-250x300.jpg\" alt=\"Ruben-Dario-Marino\" width=\"250\" height=\"300\" \/><\/a> <a href=\"http:\/\/distritalavellaneda.com.ar\/wp-content\/uploads\/2016\/04\/Marcelo-Marino.jpg\" rel=\"attachment wp-att-6166\"><img loading=\"lazy\" decoding=\"async\" class=\"alignnone size-medium wp-image-6166\" src=\"http:\/\/distritalavellaneda.com.ar\/wp-content\/uploads\/2016\/04\/Marcelo-Marino-276x300.jpg\" alt=\"Marcelo-Marino\" width=\"276\" height=\"300\" \/><\/a> <a href=\"http:\/\/distritalavellaneda.com.ar\/wp-content\/uploads\/2016\/04\/Emanuel-Guida.jpg\" rel=\"attachment wp-att-6167\"><img loading=\"lazy\" decoding=\"async\" class=\"alignnone size-medium wp-image-6167\" src=\"http:\/\/distritalavellaneda.com.ar\/wp-content\/uploads\/2016\/04\/Emanuel-Guida-233x300.jpg\" alt=\"Emanuel-Guida\" width=\"233\" height=\"300\" \/><\/a> <a href=\"http:\/\/distritalavellaneda.com.ar\/wp-content\/uploads\/2016\/04\/Timote-3711.jpg\" rel=\"attachment wp-att-6168\"><img loading=\"lazy\" decoding=\"async\" class=\"alignnone size-medium wp-image-6168\" src=\"http:\/\/distritalavellaneda.com.ar\/wp-content\/uploads\/2016\/04\/Timote-3711-300x171.jpg\" alt=\"Timote-3711\" width=\"300\" height=\"171\" \/><\/a> <a href=\"http:\/\/distritalavellaneda.com.ar\/wp-content\/uploads\/2016\/04\/Melo-4636.jpg\" rel=\"attachment wp-att-6169\"><img loading=\"lazy\" decoding=\"async\" class=\"alignnone size-medium wp-image-6169\" src=\"http:\/\/distritalavellaneda.com.ar\/wp-content\/uploads\/2016\/04\/Melo-4636-300x218.jpg\" alt=\"Melo-4636\" width=\"300\" height=\"218\" \/><\/a><\/p>\n<p><strong>Fuente: <a href=\"http:\/\/departamentalavellanedalanuslomas.blogspot.com.ar\/\">Jefatura Departamental Avellaneda, Lan\u00fas, Lomas<\/a><\/strong><\/p>\n","protected":false},"excerpt":{"rendered":"<p>FECHA, HORA, LUGAR: 06 DE ABRIL DE 2016, 06:00 HS OBJETIVOS 01: MARCOS AVELLANEDA 1207.- 02: TIMOTE 3711.- 03: SAN SALVADOR 3378.- 04: 3 DE FEBRERO 3388.- 05: HERNANDARIAS 2230.- 06: SANTIAGO DEL ESTERO 3324.- 07: TABORDA 4269.- &nbsp; CALIFICACI\u00d3N LEGAL: COACCION AGRAVADA POR EL EMPLEO DE ARMA LESIO-\/ NES, LESIONES AGRAVADAS POR COMETERSE CONTRA&hellip;<\/p>\n","protected":false},"author":1,"featured_media":0,"comment_status":"open","ping_status":"open","sticky":false,"template":"","format":"standard","meta":{"footnotes":""},"categories":[22],"tags":[493,22301,23294,23354],"class_list":["post-58558","post","type-post","status-publish","format-standard","hentry","category-policiales","tag-allanamientos","tag-comisario-mayor-javier-carlos-villar","tag-jefatura-departamental-avellaneda-lanus-lomas","tag-remedios-de-esc"],"_links":{"self":[{"href":"https:\/\/www.elsindical.com.ar\/notas\/wp-json\/wp\/v2\/posts\/58558","targetHints":{"allow":["GET"]}}],"collection":[{"href":"https:\/\/www.elsindical.com.ar\/notas\/wp-json\/wp\/v2\/posts"}],"about":[{"href":"https:\/\/www.elsindical.com.ar\/notas\/wp-json\/wp\/v2\/types\/post"}],"author":[{"embeddable":true,"href":"https:\/\/www.elsindical.com.ar\/notas\/wp-json\/wp\/v2\/users\/1"}],"replies":[{"embeddable":true,"href":"https:\/\/www.elsindical.com.ar\/notas\/wp-json\/wp\/v2\/comments?post=58558"}],"version-history":[{"count":1,"href":"https:\/\/www.elsindical.com.ar\/notas\/wp-json\/wp\/v2\/posts\/58558\/revisions"}],"predecessor-version":[{"id":58560,"href":"https:\/\/www.elsindical.com.ar\/notas\/wp-json\/wp\/v2\/posts\/58558\/revisions\/58560"}],"wp:attachment":[{"href":"https:\/\/www.elsindical.com.ar\/notas\/wp-json\/wp\/v2\/media?parent=58558"}],"wp:term":[{"taxonomy":"category","embeddable":true,"href":"https:\/\/www.elsindical.com.ar\/notas\/wp-json\/wp\/v2\/categories?post=58558"},{"taxonomy":"post_tag","embeddable":true,"href":"https:\/\/www.elsindical.com.ar\/notas\/wp-json\/wp\/v2\/tags?post=58558"}],"curies":[{"name":"wp","href":"https:\/\/api.w.org\/{rel}","templated":true}]}}