{"id":58550,"date":"2016-04-06T03:35:22","date_gmt":"2016-04-06T06:35:22","guid":{"rendered":"http:\/\/www.elsindical.com.ar\/notas\/?p=58550"},"modified":"2016-04-06T03:35:22","modified_gmt":"2016-04-06T06:35:22","slug":"valija-de-antonini-wilson-corte-revoca-prescripcion-de-caso","status":"publish","type":"post","link":"https:\/\/www.elsindical.com.ar\/notas\/valija-de-antonini-wilson-corte-revoca-prescripcion-de-caso\/","title":{"rendered":"Valija de Antonini Wilson: Corte revoca prescripci\u00f3n de caso"},"content":{"rendered":"<p><em><a href=\"http:\/\/www.elsindical.com.ar\/notas\/var\/www\/html\/notas\/wp-content\/uploads\/2016\/04\/Antonini-Wilson.jpg\" rel=\"attachment wp-att-58551\"><img loading=\"lazy\" decoding=\"async\" class=\"alignnone size-medium wp-image-58551\" src=\"http:\/\/www.elsindical.com.ar\/notas\/var\/www\/html\/notas\/wp-content\/uploads\/2016\/04\/Antonini-Wilson-300x169.jpg\" alt=\"Antonini-Wilson\" width=\"300\" height=\"169\" srcset=\"https:\/\/www.elsindical.com.ar\/notas\/var\/www\/html\/notas\/wp-content\/uploads\/2016\/04\/Antonini-Wilson-300x169.jpg 300w, https:\/\/www.elsindical.com.ar\/notas\/var\/www\/html\/notas\/wp-content\/uploads\/2016\/04\/Antonini-Wilson-500x282.jpg 500w, https:\/\/www.elsindical.com.ar\/notas\/var\/www\/html\/notas\/wp-content\/uploads\/2016\/04\/Antonini-Wilson.jpg 620w\" sizes=\"auto, (max-width: 300px) 100vw, 300px\" \/><\/a>\u00a0 El m\u00e1ximo tribunal hizo lugar a un recurso de queja presentado por la Fiscal Gabriela Baig\u00fan y sostenido por el Procurador General Adjunto Eduardo Casal, y revoc\u00f3 la prescripci\u00f3n de la causa que tiene entre sus imputados a ex funcionarios del anterior gobierno.\u00a0\u00a0\u00a0\u00a0\u00a0\u00a0\u00a0\u00a0<\/em><\/p>\n<p>La Corte Suprema de Justicia orden\u00f3 hoy reabrir la causa en la que se investiga el intento de ingreso supuestamente ilegal de unos 800 mil d\u00f3lares por parte del empresario venezolano-estadounidense Guido Alejandro Antonini Wilson, en agosto de 2007, presuntamente destinados a la campa\u00f1a pol\u00edtica del kirchnerismo.<\/p>\n<p>El m\u00e1ximo tribunal hizo lugar a un recurso de queja presentado por la fiscal ante la C\u00e1mara Federal de Casaci\u00f3n Gabriela Baig\u00fan y sostenido por el Procurador General Adjunto Eduardo Casal, y revoc\u00f3 la prescripci\u00f3n de la causa que tiene entre sus imputados a ex funcionarios del anterior gobierno.<\/p>\n<p>La Corte resolvi\u00f3 as\u00ed los expedientes caratulados \u00abUzc\u00e1tegui Matheus, Diego Bautista s\/contrabando\u00bb, \u00abUzc\u00e1tegui Specht, Daniel David s\/contrabando\u00bb y \u00abUberti, Claudio s\/contrabando\u00bb.<\/p>\n<p>Uberti fue titular del Organo de Control de Concesiones Viales (OCCOVI) -dependiente del ministerio de Planificaci\u00f3n que conduc\u00eda Julio De Vido durante la presidencia de N\u00e9stor Kirchner- en tanto que los Uzc\u00e1tegui -padre e hijo- eran funcionarios de la petrolera estatal venezolana PDVSA.<\/p>\n<p>Los tres viajaron junto con Antonini Wilson en un vuelo privado fletado por la empresa estatal argentina Enarsa el 4 de agosto de 2007, cuando fue detectado el malet\u00edn del empresario venezolano con m\u00e1s de 790 mil d\u00f3lares no declarados.<\/p>\n<p>Los jueces Ricardo Lorenzetti, Elena Highton de Nolasco y Juan Carlos Maqueda dejaron sin efecto la sentencia que hab\u00eda sobrese\u00eddo a los imputados por presunto \u00abcontrabando\u00bb al declarar extinguida por prescripci\u00f3n a la acci\u00f3n penal.<\/p>\n<p>La fiscal\u00eda apel\u00f3 la medida tras considerar que la causa hab\u00eda sufrido una serie de dilaciones que hab\u00edan postergado el verdadero objeto de la investigaci\u00f3n: \u00abSi el hecho de ingresar al pa\u00eds con cerca de 800.000 d\u00f3lares sin declarar, constituye el delito de contrabando agravado\u00bb.<\/p>\n<p>La causa volver\u00e1 ahora al fuero en lo Penal Econ\u00f3mico para continuar su tramitaci\u00f3n en relaci\u00f3n con el delito de \u00abcontrabando agravado\u00bb, que contempla una pena m\u00e1xima de 12 a\u00f1os de c\u00e1rcel.<\/p>\n","protected":false},"excerpt":{"rendered":"<p>\u00a0 El m\u00e1ximo tribunal hizo lugar a un recurso de queja presentado por la Fiscal Gabriela Baig\u00fan y sostenido por el Procurador General Adjunto Eduardo Casal, y revoc\u00f3 la prescripci\u00f3n de la causa que tiene entre sus imputados a ex funcionarios del anterior gobierno.\u00a0\u00a0\u00a0\u00a0\u00a0\u00a0\u00a0\u00a0 La Corte Suprema de Justicia orden\u00f3 hoy reabrir la causa en&hellip;<\/p>\n","protected":false},"author":1,"featured_media":0,"comment_status":"open","ping_status":"open","sticky":false,"template":"","format":"standard","meta":{"footnotes":""},"categories":[20],"tags":[23347,19814,23348,768],"class_list":["post-58550","post","type-post","status-publish","format-standard","hentry","category-judiciales","tag-fiscal-gabriela-baigun","tag-guido-alejandro-antonini-wilson","tag-procurador-general-adjunto-eduardo-casal","tag-valijas"],"_links":{"self":[{"href":"https:\/\/www.elsindical.com.ar\/notas\/wp-json\/wp\/v2\/posts\/58550","targetHints":{"allow":["GET"]}}],"collection":[{"href":"https:\/\/www.elsindical.com.ar\/notas\/wp-json\/wp\/v2\/posts"}],"about":[{"href":"https:\/\/www.elsindical.com.ar\/notas\/wp-json\/wp\/v2\/types\/post"}],"author":[{"embeddable":true,"href":"https:\/\/www.elsindical.com.ar\/notas\/wp-json\/wp\/v2\/users\/1"}],"replies":[{"embeddable":true,"href":"https:\/\/www.elsindical.com.ar\/notas\/wp-json\/wp\/v2\/comments?post=58550"}],"version-history":[{"count":1,"href":"https:\/\/www.elsindical.com.ar\/notas\/wp-json\/wp\/v2\/posts\/58550\/revisions"}],"predecessor-version":[{"id":58552,"href":"https:\/\/www.elsindical.com.ar\/notas\/wp-json\/wp\/v2\/posts\/58550\/revisions\/58552"}],"wp:attachment":[{"href":"https:\/\/www.elsindical.com.ar\/notas\/wp-json\/wp\/v2\/media?parent=58550"}],"wp:term":[{"taxonomy":"category","embeddable":true,"href":"https:\/\/www.elsindical.com.ar\/notas\/wp-json\/wp\/v2\/categories?post=58550"},{"taxonomy":"post_tag","embeddable":true,"href":"https:\/\/www.elsindical.com.ar\/notas\/wp-json\/wp\/v2\/tags?post=58550"}],"curies":[{"name":"wp","href":"https:\/\/api.w.org\/{rel}","templated":true}]}}