{"id":58529,"date":"2016-04-06T00:14:25","date_gmt":"2016-04-06T03:14:25","guid":{"rendered":"http:\/\/www.elsindical.com.ar\/notas\/?p=58529"},"modified":"2016-04-06T00:14:25","modified_gmt":"2016-04-06T03:14:25","slug":"inminente-detencion-de-los-musicos-de-callejeros","status":"publish","type":"post","link":"https:\/\/www.elsindical.com.ar\/notas\/inminente-detencion-de-los-musicos-de-callejeros\/","title":{"rendered":"Inminente detenci\u00f3n de los m\u00fasicos de Callejeros"},"content":{"rendered":"<p><em><a href=\"http:\/\/www.elsindical.com.ar\/notas\/var\/www\/html\/notas\/wp-content\/uploads\/2010\/04\/Callejeros-abrazados.jpg\" rel=\"attachment wp-att-5374\"><img loading=\"lazy\" decoding=\"async\" class=\"alignnone size-full wp-image-5374\" src=\"http:\/\/www.elsindical.com.ar\/notas\/var\/www\/html\/notas\/wp-content\/uploads\/2010\/04\/Callejeros-abrazados.jpg\" alt=\"Callejeros-abrazados\" width=\"283\" height=\"170\" \/><\/a>\u00a0 La Corte Suprema decidi\u00f3 rechazar las apelaciones del grupo en el marco de la causa por la tragedia ocurrida en diciembre de 2004<b>. <\/b>Don Osvaldo, la nueva banda de Pato Fontanet, suspendi\u00f3 un show en Corrientes ante la noticia.<\/em><\/p>\n<p>La Corte Suprema rechaz\u00f3 las apelaciones interpuestas por las defensas de los miembros de Callejeros, entre ellos el cantante Patricio Fontanet, el baterista Eduardo V\u00e1zquez, el saxofonista Juancho Carbone y el escen\u00f3grafo Daniel Cardell.<\/p>\n<p>En octubre del a\u00f1o pasado, la Sala IV de Casaci\u00f3n hab\u00eda confirmado las condenas del grupo que protagoniz\u00f3 la tragedia de Croma\u00f1\u00f3n en diciembre de 2004, con penas de hasta siete a\u00f1os, la m\u00e1s dura siendo para el cantante de la banda. Estrago culposo seguido de muerte y cohecho activo fue el cargo, luego de la absoluci\u00f3n dictada en el juicio oral, lo que llev\u00f3 a una fuerte pol\u00e9mica en tribunales. Hasta hoy, el grupo goz\u00f3 del beneficio de excarcelaci\u00f3n. Ahora, <b>una nueva orden de detenci\u00f3n en su contra ser\u00eda cuesti\u00f3n de tiempo. <\/b><\/p>\n<p>Don Osvaldo, la nueva banda de Fontanet con la que toca desde el a\u00f1o pasado y lleg\u00f3 a festivales como el \u00faltimo Cosqu\u00edn Rock en C\u00f3rdoba, debi\u00f3 suspender un concierto programado para ma\u00f1ana mi\u00e9rcoles en el Club Regatas de Corrientes capital.<\/p>\n<p>Jos\u00e9 Palazzo, productor del grupo, escribi\u00f3 en su cuenta de Twitter esta tarde: \u00abHasta reci\u00e9n estuvimos esperando notificaci\u00f3n y los abogados recomiendan esperar en Capital el contenido de la sentencia. La Corte fue por el 280: Callejeros vuelve a la c\u00e1rcel y las condenas desproporcionadas\u00bb.<\/p>\n<p><a href=\"http:\/\/www.elsindical.com.ar\/notas\/var\/www\/html\/notas\/wp-content\/uploads\/2016\/04\/comunicado-banda-Don-Osvaldo.jpg\" rel=\"attachment wp-att-58530\"><img loading=\"lazy\" decoding=\"async\" class=\"alignnone size-medium wp-image-58530\" src=\"http:\/\/www.elsindical.com.ar\/notas\/var\/www\/html\/notas\/wp-content\/uploads\/2016\/04\/comunicado-banda-Don-Osvaldo-238x300.jpg\" alt=\"comunicado-banda-Don-Osvaldo\" width=\"238\" height=\"300\" srcset=\"https:\/\/www.elsindical.com.ar\/notas\/var\/www\/html\/notas\/wp-content\/uploads\/2016\/04\/comunicado-banda-Don-Osvaldo-238x300.jpg 238w, https:\/\/www.elsindical.com.ar\/notas\/var\/www\/html\/notas\/wp-content\/uploads\/2016\/04\/comunicado-banda-Don-Osvaldo.jpg 531w\" sizes=\"auto, (max-width: 238px) 100vw, 238px\" \/><\/a><\/p>\n<p>&nbsp;<\/p>\n","protected":false},"excerpt":{"rendered":"<p>\u00a0 La Corte Suprema decidi\u00f3 rechazar las apelaciones del grupo en el marco de la causa por la tragedia ocurrida en diciembre de 2004. Don Osvaldo, la nueva banda de Pato Fontanet, suspendi\u00f3 un show en Corrientes ante la noticia. La Corte Suprema rechaz\u00f3 las apelaciones interpuestas por las defensas de los miembros de Callejeros,&hellip;<\/p>\n","protected":false},"author":1,"featured_media":0,"comment_status":"open","ping_status":"open","sticky":false,"template":"","format":"standard","meta":{"footnotes":""},"categories":[20],"tags":[1814,23336,23335,901],"class_list":["post-58529","post","type-post","status-publish","format-standard","hentry","category-judiciales","tag-callejeros","tag-don-osvaldo","tag-pato-fontanet","tag-suprema-corte"],"_links":{"self":[{"href":"https:\/\/www.elsindical.com.ar\/notas\/wp-json\/wp\/v2\/posts\/58529","targetHints":{"allow":["GET"]}}],"collection":[{"href":"https:\/\/www.elsindical.com.ar\/notas\/wp-json\/wp\/v2\/posts"}],"about":[{"href":"https:\/\/www.elsindical.com.ar\/notas\/wp-json\/wp\/v2\/types\/post"}],"author":[{"embeddable":true,"href":"https:\/\/www.elsindical.com.ar\/notas\/wp-json\/wp\/v2\/users\/1"}],"replies":[{"embeddable":true,"href":"https:\/\/www.elsindical.com.ar\/notas\/wp-json\/wp\/v2\/comments?post=58529"}],"version-history":[{"count":1,"href":"https:\/\/www.elsindical.com.ar\/notas\/wp-json\/wp\/v2\/posts\/58529\/revisions"}],"predecessor-version":[{"id":58531,"href":"https:\/\/www.elsindical.com.ar\/notas\/wp-json\/wp\/v2\/posts\/58529\/revisions\/58531"}],"wp:attachment":[{"href":"https:\/\/www.elsindical.com.ar\/notas\/wp-json\/wp\/v2\/media?parent=58529"}],"wp:term":[{"taxonomy":"category","embeddable":true,"href":"https:\/\/www.elsindical.com.ar\/notas\/wp-json\/wp\/v2\/categories?post=58529"},{"taxonomy":"post_tag","embeddable":true,"href":"https:\/\/www.elsindical.com.ar\/notas\/wp-json\/wp\/v2\/tags?post=58529"}],"curies":[{"name":"wp","href":"https:\/\/api.w.org\/{rel}","templated":true}]}}