{"id":58521,"date":"2016-04-05T19:09:41","date_gmt":"2016-04-05T22:09:41","guid":{"rendered":"http:\/\/www.elsindical.com.ar\/notas\/?p=58521"},"modified":"2016-04-05T19:09:41","modified_gmt":"2016-04-05T22:09:41","slug":"san-fernando-detuvieron-a-lazaro-baez","status":"publish","type":"post","link":"https:\/\/www.elsindical.com.ar\/notas\/san-fernando-detuvieron-a-lazaro-baez\/","title":{"rendered":"San Fernando: Detuvieron a L\u00e1zaro B\u00e1ez"},"content":{"rendered":"<p><em><a href=\"http:\/\/www.elsindical.com.ar\/notas\/var\/www\/html\/notas\/wp-content\/uploads\/2016\/04\/L\u00e1zaro-B\u00e1ez.jpg\" rel=\"attachment wp-att-58522\"><img loading=\"lazy\" decoding=\"async\" class=\"alignnone size-medium wp-image-58522\" src=\"http:\/\/www.elsindical.com.ar\/notas\/var\/www\/html\/notas\/wp-content\/uploads\/2016\/04\/L\u00e1zaro-B\u00e1ez-300x195.jpg\" alt=\"L\u00e1zaro-B\u00e1ez\" width=\"300\" height=\"195\" srcset=\"https:\/\/www.elsindical.com.ar\/notas\/var\/www\/html\/notas\/wp-content\/uploads\/2016\/04\/L\u00e1zaro-B\u00e1ez-300x195.jpg 300w, https:\/\/www.elsindical.com.ar\/notas\/var\/www\/html\/notas\/wp-content\/uploads\/2016\/04\/L\u00e1zaro-B\u00e1ez-462x300.jpg 462w, https:\/\/www.elsindical.com.ar\/notas\/var\/www\/html\/notas\/wp-content\/uploads\/2016\/04\/L\u00e1zaro-B\u00e1ez.jpg 502w\" sizes=\"auto, (max-width: 300px) 100vw, 300px\" \/><\/a>\u00a0 No bien arrib\u00f3 al aeropuerto de San Fernando\u00a0proveniente de Santa Cruz, el empresario fue arrestado por\u00a0orden del juez federal Sebasti\u00e1n Casanello. Este mi\u00e9rcoles deber\u00e1 declarar en el marco de\u00a0la causa en la que se lo investiga por presunto lavado de dinero. Su contador, <strong>Daniel P\u00e9rez Gad\u00edn<\/strong>, tambi\u00e9n fue aprehendido.<\/em><\/p>\n<p>El empresario santacruce\u00f1o <strong>L\u00e1zaro B\u00e1ez<\/strong> fue detenido minutos antes de las 18 en el aeropuerto de San Fernando por orden del Juez federal <strong>Sebasti\u00e1n Casanello<\/strong>, en el marco de la causa en la que se lo investiga por presunto lavado de dinero a trav\u00e9s de una compa\u00f1\u00eda financiera, seg\u00fan confirm\u00f3 el Centro de Informaci\u00f3n Judicial (CIJ).<\/p>\n<p>Ba\u00e9z arrib\u00f3 a Buenos Aires, proveniente de Santa Cruz, para presentarse el mi\u00e9rcoles a declarar en el marco de esa causa, tras la difusi\u00f3n de los videos de lo que ocurr\u00eda en 2012 dentro de la financiera SGI, conocida como La Rosadita.<\/p>\n","protected":false},"excerpt":{"rendered":"<p>\u00a0 No bien arrib\u00f3 al aeropuerto de San Fernando\u00a0proveniente de Santa Cruz, el empresario fue arrestado por\u00a0orden del juez federal Sebasti\u00e1n Casanello. Este mi\u00e9rcoles deber\u00e1 declarar en el marco de\u00a0la causa en la que se lo investiga por presunto lavado de dinero. Su contador, Daniel P\u00e9rez Gad\u00edn, tambi\u00e9n fue aprehendido. El empresario santacruce\u00f1o L\u00e1zaro B\u00e1ez&hellip;<\/p>\n","protected":false},"author":1,"featured_media":0,"comment_status":"open","ping_status":"open","sticky":false,"template":"","format":"standard","meta":{"footnotes":""},"categories":[20],"tags":[16010,15918,15842,23331],"class_list":["post-58521","post","type-post","status-publish","format-standard","hentry","category-judiciales","tag-daniel-perez-gadin","tag-juez-federal-sebastian-casanello","tag-lazaro-baez","tag-sgi"],"_links":{"self":[{"href":"https:\/\/www.elsindical.com.ar\/notas\/wp-json\/wp\/v2\/posts\/58521","targetHints":{"allow":["GET"]}}],"collection":[{"href":"https:\/\/www.elsindical.com.ar\/notas\/wp-json\/wp\/v2\/posts"}],"about":[{"href":"https:\/\/www.elsindical.com.ar\/notas\/wp-json\/wp\/v2\/types\/post"}],"author":[{"embeddable":true,"href":"https:\/\/www.elsindical.com.ar\/notas\/wp-json\/wp\/v2\/users\/1"}],"replies":[{"embeddable":true,"href":"https:\/\/www.elsindical.com.ar\/notas\/wp-json\/wp\/v2\/comments?post=58521"}],"version-history":[{"count":1,"href":"https:\/\/www.elsindical.com.ar\/notas\/wp-json\/wp\/v2\/posts\/58521\/revisions"}],"predecessor-version":[{"id":58523,"href":"https:\/\/www.elsindical.com.ar\/notas\/wp-json\/wp\/v2\/posts\/58521\/revisions\/58523"}],"wp:attachment":[{"href":"https:\/\/www.elsindical.com.ar\/notas\/wp-json\/wp\/v2\/media?parent=58521"}],"wp:term":[{"taxonomy":"category","embeddable":true,"href":"https:\/\/www.elsindical.com.ar\/notas\/wp-json\/wp\/v2\/categories?post=58521"},{"taxonomy":"post_tag","embeddable":true,"href":"https:\/\/www.elsindical.com.ar\/notas\/wp-json\/wp\/v2\/tags?post=58521"}],"curies":[{"name":"wp","href":"https:\/\/api.w.org\/{rel}","templated":true}]}}