{"id":58514,"date":"2016-04-05T12:02:29","date_gmt":"2016-04-05T15:02:29","guid":{"rendered":"http:\/\/www.elsindical.com.ar\/notas\/?p=58514"},"modified":"2016-04-05T12:02:29","modified_gmt":"2016-04-05T15:02:29","slug":"tres-menores-detenidos-por-robo-a-casa-de-electrodomesticos-en-avellaneda","status":"publish","type":"post","link":"https:\/\/www.elsindical.com.ar\/notas\/tres-menores-detenidos-por-robo-a-casa-de-electrodomesticos-en-avellaneda\/","title":{"rendered":"Tres menores detenidos por robo a casa de electrodom\u00e9sticos en Avellaneda"},"content":{"rendered":"<p><a href=\"http:\/\/distritalavellaneda.com.ar\/wp-content\/uploads\/2016\/04\/Av-Mitre-y-Dardo-Rocha.jpg\" rel=\"attachment wp-att-6155\"><img loading=\"lazy\" decoding=\"async\" class=\"alignnone size-medium wp-image-6155\" src=\"http:\/\/distritalavellaneda.com.ar\/wp-content\/uploads\/2016\/04\/Av-Mitre-y-Dardo-Rocha-300x165.jpg\" alt=\"Av-Mitre-y-Dardo-Rocha\" width=\"300\" height=\"165\" \/><\/a>(5-4-2016) 05:50 hs. M\u00f3vil ZONA 6 en recorrida por la Avenida Mitre al llegar a Dardo Rocha son informados por oficina de monitoreo que 3 sujetos estaban intentando forzar una persiana de un local de electrodom\u00e9sticos.<\/p>\n<p>Tras lo cual personal policial halla a los mismos y los reduce siendo identificados como AGUST\u00cdN A., argentino de 15 a\u00f1os sin domicilio fijo, GUSTAVO T., argentino de 17 a\u00f1os ddo campana s-n de Dock Sud y FEDERICO F., argentino de 13 a\u00f1os ddo Su\u00e1rez al 600, siendo conducidos a la seccional 1ra donde quedaron alojados a disposici\u00f3n del Juez de menores en turno,.<\/p>\n","protected":false},"excerpt":{"rendered":"<p>(5-4-2016) 05:50 hs. M\u00f3vil ZONA 6 en recorrida por la Avenida Mitre al llegar a Dardo Rocha son informados por oficina de monitoreo que 3 sujetos estaban intentando forzar una persiana de un local de electrodom\u00e9sticos. Tras lo cual personal policial halla a los mismos y los reduce siendo identificados como AGUST\u00cdN A., argentino de&hellip;<\/p>\n","protected":false},"author":1,"featured_media":0,"comment_status":"open","ping_status":"open","sticky":false,"template":"","format":"standard","meta":{"footnotes":""},"categories":[22],"tags":[22301,4768,23294,252,116],"class_list":["post-58514","post","type-post","status-publish","format-standard","hentry","category-policiales","tag-comisario-mayor-javier-carlos-villar","tag-electrodomesticos","tag-jefatura-departamental-avellaneda-lanus-lomas","tag-menores","tag-robo"],"_links":{"self":[{"href":"https:\/\/www.elsindical.com.ar\/notas\/wp-json\/wp\/v2\/posts\/58514","targetHints":{"allow":["GET"]}}],"collection":[{"href":"https:\/\/www.elsindical.com.ar\/notas\/wp-json\/wp\/v2\/posts"}],"about":[{"href":"https:\/\/www.elsindical.com.ar\/notas\/wp-json\/wp\/v2\/types\/post"}],"author":[{"embeddable":true,"href":"https:\/\/www.elsindical.com.ar\/notas\/wp-json\/wp\/v2\/users\/1"}],"replies":[{"embeddable":true,"href":"https:\/\/www.elsindical.com.ar\/notas\/wp-json\/wp\/v2\/comments?post=58514"}],"version-history":[{"count":1,"href":"https:\/\/www.elsindical.com.ar\/notas\/wp-json\/wp\/v2\/posts\/58514\/revisions"}],"predecessor-version":[{"id":58515,"href":"https:\/\/www.elsindical.com.ar\/notas\/wp-json\/wp\/v2\/posts\/58514\/revisions\/58515"}],"wp:attachment":[{"href":"https:\/\/www.elsindical.com.ar\/notas\/wp-json\/wp\/v2\/media?parent=58514"}],"wp:term":[{"taxonomy":"category","embeddable":true,"href":"https:\/\/www.elsindical.com.ar\/notas\/wp-json\/wp\/v2\/categories?post=58514"},{"taxonomy":"post_tag","embeddable":true,"href":"https:\/\/www.elsindical.com.ar\/notas\/wp-json\/wp\/v2\/tags?post=58514"}],"curies":[{"name":"wp","href":"https:\/\/api.w.org\/{rel}","templated":true}]}}