{"id":58502,"date":"2016-04-04T21:22:53","date_gmt":"2016-04-05T00:22:53","guid":{"rendered":"http:\/\/www.elsindical.com.ar\/notas\/?p=58502"},"modified":"2016-04-04T21:22:53","modified_gmt":"2016-04-05T00:22:53","slug":"islandia-manifestaciones-por-panamapapers","status":"publish","type":"post","link":"https:\/\/www.elsindical.com.ar\/notas\/islandia-manifestaciones-por-panamapapers\/","title":{"rendered":"Islandia: Manifestaciones por #PanamaPapers"},"content":{"rendered":"<p><a href=\"http:\/\/www.elsindical.com.ar\/notas\/var\/www\/html\/notas\/wp-content\/uploads\/2016\/04\/protesta-Islandia.jpg\" rel=\"attachment wp-att-58505\"><img loading=\"lazy\" decoding=\"async\" class=\"alignnone size-medium wp-image-58505\" src=\"http:\/\/www.elsindical.com.ar\/notas\/var\/www\/html\/notas\/wp-content\/uploads\/2016\/04\/protesta-Islandia-300x206.jpg\" alt=\"protesta-Islandia\" width=\"300\" height=\"206\" srcset=\"https:\/\/www.elsindical.com.ar\/notas\/var\/www\/html\/notas\/wp-content\/uploads\/2016\/04\/protesta-Islandia-300x206.jpg 300w, https:\/\/www.elsindical.com.ar\/notas\/var\/www\/html\/notas\/wp-content\/uploads\/2016\/04\/protesta-Islandia-437x300.jpg 437w, https:\/\/www.elsindical.com.ar\/notas\/var\/www\/html\/notas\/wp-content\/uploads\/2016\/04\/protesta-Islandia.jpg 620w\" sizes=\"auto, (max-width: 300px) 100vw, 300px\" \/><\/a>Mientras en Islandia, el pueblo sali\u00f3 a las calles y est\u00e1 armando flor de despelote, a pesar de que el primer ministro involucrado en los #Panam\u00e1Papers renunci\u00f3 anoche, a poco de conocerse la noticia letal. Macri emite un escueto y vergonzoso comunicado en el que no aclara en absoluto los cargos de corrupci\u00f3n que pesan sobre sus d\u00e9biles espaldas y completando la formaci\u00f3n de la \u00abArmada Brancaleone\u00bb la presidenta de la fundaci\u00f3n sustentada por el buitre Paul Singer, devenida en Directora de la Oficina Anticorrupci\u00f3n y como si fuera poco, aparece Franco Macri para aclarar que Mauricio no puso la plata.<\/p>\n<p>Por supuesto todo este espect\u00e1culo dantesco se lleva a cabo bajo el humo del Canal TN demostrando una imparcialidad \u00e9tica, jam\u00e1s vista en la historia de los medios de la alegr\u00eda. Y cerrando la Formaci\u00f3n, la inimputable diputada Elisa Torquemada Carri\u00f3 pas\u00e1ndole letra a Mauricio, intentando pasar a la rata por la rendija del \u201cDirector Ad Honorem\u201d.<\/p>\n<p><a href=\"http:\/\/www.elsindical.com.ar\/notas\/var\/www\/html\/notas\/wp-content\/uploads\/2016\/04\/protesta-Islandia-2.jpg\" rel=\"attachment wp-att-58504\"><img loading=\"lazy\" decoding=\"async\" class=\"alignnone size-medium wp-image-58504\" src=\"http:\/\/www.elsindical.com.ar\/notas\/var\/www\/html\/notas\/wp-content\/uploads\/2016\/04\/protesta-Islandia-2-300x225.jpg\" alt=\"protesta-Islandia-2\" width=\"300\" height=\"225\" srcset=\"https:\/\/www.elsindical.com.ar\/notas\/var\/www\/html\/notas\/wp-content\/uploads\/2016\/04\/protesta-Islandia-2-300x225.jpg 300w, https:\/\/www.elsindical.com.ar\/notas\/var\/www\/html\/notas\/wp-content\/uploads\/2016\/04\/protesta-Islandia-2-400x300.jpg 400w, https:\/\/www.elsindical.com.ar\/notas\/var\/www\/html\/notas\/wp-content\/uploads\/2016\/04\/protesta-Islandia-2.jpg 620w\" sizes=\"auto, (max-width: 300px) 100vw, 300px\" \/><\/a><\/p>\n<p>&nbsp;<\/p>\n","protected":false},"excerpt":{"rendered":"<p>Mientras en Islandia, el pueblo sali\u00f3 a las calles y est\u00e1 armando flor de despelote, a pesar de que el primer ministro involucrado en los #Panam\u00e1Papers renunci\u00f3 anoche, a poco de conocerse la noticia letal. Macri emite un escueto y vergonzoso comunicado en el que no aclara en absoluto los cargos de corrupci\u00f3n que pesan&hellip;<\/p>\n","protected":false},"author":1,"featured_media":0,"comment_status":"open","ping_status":"open","sticky":false,"template":"","format":"standard","meta":{"footnotes":""},"categories":[18],"tags":[1451,3630,924,23329,76,200],"class_list":["post-58502","post","type-post","status-publish","format-standard","hentry","category-internacionales","tag-corrupcion","tag-escandalo","tag-franco-macri","tag-islandia","tag-mauricio-macri","tag-oficina-anticorrupcion"],"_links":{"self":[{"href":"https:\/\/www.elsindical.com.ar\/notas\/wp-json\/wp\/v2\/posts\/58502","targetHints":{"allow":["GET"]}}],"collection":[{"href":"https:\/\/www.elsindical.com.ar\/notas\/wp-json\/wp\/v2\/posts"}],"about":[{"href":"https:\/\/www.elsindical.com.ar\/notas\/wp-json\/wp\/v2\/types\/post"}],"author":[{"embeddable":true,"href":"https:\/\/www.elsindical.com.ar\/notas\/wp-json\/wp\/v2\/users\/1"}],"replies":[{"embeddable":true,"href":"https:\/\/www.elsindical.com.ar\/notas\/wp-json\/wp\/v2\/comments?post=58502"}],"version-history":[{"count":2,"href":"https:\/\/www.elsindical.com.ar\/notas\/wp-json\/wp\/v2\/posts\/58502\/revisions"}],"predecessor-version":[{"id":58506,"href":"https:\/\/www.elsindical.com.ar\/notas\/wp-json\/wp\/v2\/posts\/58502\/revisions\/58506"}],"wp:attachment":[{"href":"https:\/\/www.elsindical.com.ar\/notas\/wp-json\/wp\/v2\/media?parent=58502"}],"wp:term":[{"taxonomy":"category","embeddable":true,"href":"https:\/\/www.elsindical.com.ar\/notas\/wp-json\/wp\/v2\/categories?post=58502"},{"taxonomy":"post_tag","embeddable":true,"href":"https:\/\/www.elsindical.com.ar\/notas\/wp-json\/wp\/v2\/tags?post=58502"}],"curies":[{"name":"wp","href":"https:\/\/api.w.org\/{rel}","templated":true}]}}