{"id":58491,"date":"2016-04-04T19:07:04","date_gmt":"2016-04-04T22:07:04","guid":{"rendered":"http:\/\/www.elsindical.com.ar\/notas\/?p=58491"},"modified":"2016-04-04T22:21:25","modified_gmt":"2016-04-05T01:21:25","slug":"se-rompio-el-pro-en-avellaneda-lanzan-la-linea-fundadora-local-del-pro","status":"publish","type":"post","link":"https:\/\/www.elsindical.com.ar\/notas\/se-rompio-el-pro-en-avellaneda-lanzan-la-linea-fundadora-local-del-pro\/","title":{"rendered":"Se rompi\u00f3 el PRO en Avellaneda, lanzan la l\u00ednea fundadora local del PRO"},"content":{"rendered":"<p><a href=\"http:\/\/www.elsindical.com.ar\/notas\/var\/www\/html\/notas\/wp-content\/uploads\/2016\/04\/Gladys-Gonz\u00e1lez-y-Daniel-Garc\u00eda.jpg\" rel=\"attachment wp-att-58492\"><img loading=\"lazy\" decoding=\"async\" class=\"alignnone size-medium wp-image-58492\" src=\"http:\/\/www.elsindical.com.ar\/notas\/var\/www\/html\/notas\/wp-content\/uploads\/2016\/04\/Gladys-Gonz\u00e1lez-y-Daniel-Garc\u00eda-300x188.jpg\" alt=\"Gladys-Gonz\u00e1lez-y-Daniel-Garc\u00eda\" width=\"300\" height=\"188\" srcset=\"https:\/\/www.elsindical.com.ar\/notas\/var\/www\/html\/notas\/wp-content\/uploads\/2016\/04\/Gladys-Gonz\u00e1lez-y-Daniel-Garc\u00eda-300x188.jpg 300w, https:\/\/www.elsindical.com.ar\/notas\/var\/www\/html\/notas\/wp-content\/uploads\/2016\/04\/Gladys-Gonz\u00e1lez-y-Daniel-Garc\u00eda-480x300.jpg 480w, https:\/\/www.elsindical.com.ar\/notas\/var\/www\/html\/notas\/wp-content\/uploads\/2016\/04\/Gladys-Gonz\u00e1lez-y-Daniel-Garc\u00eda.jpg 531w\" sizes=\"auto, (max-width: 300px) 100vw, 300px\" \/><\/a>\u00a0\u00a0 A continuaci\u00f3n el documento que el concejal electo Daniel Garc\u00eda nos ha enviado para publicar:<\/p>\n<p><em>Es al menos curioso que despu\u00e9s de trabajar durante 12 a\u00f1os y haber sido parte de la construcci\u00f3n del Pro Avellaneda, hoy nos veamos obligados por los hechos a lanzar una l\u00ednea dentro del espacio que nuestros militantes y dirigentes gestaron con mucho trabajo.<\/em><\/p>\n<p><em>El Pro siempre cont\u00f3 con dirigentes libres pensadores, de ideolog\u00edas dis\u00edmiles, con visiones a veces antag\u00f3nicas, y en esa diversidad se enriqueci\u00f3 y fue creciendo. Avellaneda no fue la excepci\u00f3n, pero dentro de esta empresa siempre se respet\u00f3 el proyecto del cambio, trabajando bajo los lineamientos que nuestro l\u00edder pregonaba.<\/em><\/p>\n<p><em>Los tiempos han cambiado, el Pro se hizo grande y en ese crecimiento van apareciendo personajes con ambiciones individualistas que quieren entrar por la ventana sin sacrificio y sin otro norte que llegar al poder por el poder mismo, olvidando los preceptos que en su momento nos unieron.<\/em><\/p>\n<p><em>Lanzamos la l\u00ednea fundadora del Pro en Avellaneda porque no queremos que vengan \u201ccr\u00e1neos\u201d desde otros distritos a decirnos que hay que hacer, porque no conocen nuestra ciudad, ni la idiosincrasia de nuestra gente, porque es una falta absoluta de respeto a todos los dirigentes que conforman el Pro, muchos de ellos m\u00e1s id\u00f3neos y capaces que aquellos que quieren \u201cense\u00f1arnos a hacer pol\u00edtica\u201d.<\/em><\/p>\n<p><em>Lanzamos la l\u00ednea fundadora Pro en Avellaneda, porque no estamos de acuerdo que por esa desmedida ambici\u00f3n de poder y en la desesperaci\u00f3n de sumar gente, entren a nuestro espacio viejos personajes de la pol\u00edtica local para reciclarse y seguir con las viejas pr\u00e1cticas. Esos sujetos, no representan el cambio por el cual tanto trabajamos.<\/em><\/p>\n<p><em>Lanzamos la l\u00ednea fundadora Pro Avellaneda, porque estos iluminados en vez de unir y sumar expulsaron a muchos dirigentes y militantes de nuestro espacio que fueron los creadores de lo que hoy, impunemente, se quieren llevar puesto \u201cchapeando con la Gobernadora y el Presidente\u201d y eso no representa a nuestro entender el cambio que tanto Mar\u00eda Eugenia Vidal y Mauricio Macri han llevado en alto como bandera.<\/em><\/p>\n<p><em>Lanzamos la l\u00ednea fundadora Pro Avellaneda porque es nuestro espacio el que representa el verdadero cambio, quienes respetamos la voluntad de los vecinos que votaron para trasmutar las viejas pol\u00edticas, y no puede ser que quienes hoy quieren imponer una conducci\u00f3n tuerzan esa voluntad popular.<\/em><\/p>\n","protected":false},"excerpt":{"rendered":"<p>\u00a0\u00a0 A continuaci\u00f3n el documento que el concejal electo Daniel Garc\u00eda nos ha enviado para publicar: Es al menos curioso que despu\u00e9s de trabajar durante 12 a\u00f1os y haber sido parte de la construcci\u00f3n del Pro Avellaneda, hoy nos veamos obligados por los hechos a lanzar una l\u00ednea dentro del espacio que nuestros militantes y&hellip;<\/p>\n","protected":false},"author":1,"featured_media":0,"comment_status":"open","ping_status":"open","sticky":false,"template":"","format":"standard","meta":{"footnotes":""},"categories":[13],"tags":[461,3516,23326,7265,76,328],"class_list":["post-58491","post","type-post","status-publish","format-standard","hentry","category-politica","tag-avellaneda","tag-daniel-garcia","tag-linea-fundadora","tag-maria-eugenia-vidal","tag-mauricio-macri","tag-pro"],"_links":{"self":[{"href":"https:\/\/www.elsindical.com.ar\/notas\/wp-json\/wp\/v2\/posts\/58491","targetHints":{"allow":["GET"]}}],"collection":[{"href":"https:\/\/www.elsindical.com.ar\/notas\/wp-json\/wp\/v2\/posts"}],"about":[{"href":"https:\/\/www.elsindical.com.ar\/notas\/wp-json\/wp\/v2\/types\/post"}],"author":[{"embeddable":true,"href":"https:\/\/www.elsindical.com.ar\/notas\/wp-json\/wp\/v2\/users\/1"}],"replies":[{"embeddable":true,"href":"https:\/\/www.elsindical.com.ar\/notas\/wp-json\/wp\/v2\/comments?post=58491"}],"version-history":[{"count":2,"href":"https:\/\/www.elsindical.com.ar\/notas\/wp-json\/wp\/v2\/posts\/58491\/revisions"}],"predecessor-version":[{"id":58507,"href":"https:\/\/www.elsindical.com.ar\/notas\/wp-json\/wp\/v2\/posts\/58491\/revisions\/58507"}],"wp:attachment":[{"href":"https:\/\/www.elsindical.com.ar\/notas\/wp-json\/wp\/v2\/media?parent=58491"}],"wp:term":[{"taxonomy":"category","embeddable":true,"href":"https:\/\/www.elsindical.com.ar\/notas\/wp-json\/wp\/v2\/categories?post=58491"},{"taxonomy":"post_tag","embeddable":true,"href":"https:\/\/www.elsindical.com.ar\/notas\/wp-json\/wp\/v2\/tags?post=58491"}],"curies":[{"name":"wp","href":"https:\/\/api.w.org\/{rel}","templated":true}]}}