{"id":58470,"date":"2016-04-04T00:56:20","date_gmt":"2016-04-04T03:56:20","guid":{"rendered":"http:\/\/www.elsindical.com.ar\/notas\/?p=58470"},"modified":"2016-04-04T00:56:20","modified_gmt":"2016-04-04T03:56:20","slug":"aysa-anuncio-que-la-tarifa-minima-sera-de-83-pesos","status":"publish","type":"post","link":"https:\/\/www.elsindical.com.ar\/notas\/aysa-anuncio-que-la-tarifa-minima-sera-de-83-pesos\/","title":{"rendered":"AySA anunci\u00f3 que la tarifa m\u00ednima ser\u00e1 de 83 pesos"},"content":{"rendered":"<p class=\"bajada\"><em><a href=\"http:\/\/www.elsindical.com.ar\/notas\/var\/www\/html\/notas\/wp-content\/uploads\/2014\/10\/agua-potable.jpg\" rel=\"attachment wp-att-45921\"><img loading=\"lazy\" decoding=\"async\" class=\"alignnone size-medium wp-image-45921\" src=\"http:\/\/www.elsindical.com.ar\/notas\/var\/www\/html\/notas\/wp-content\/uploads\/2014\/10\/agua-potable-300x300.jpg\" alt=\"agua-potable\" width=\"300\" height=\"300\" srcset=\"https:\/\/www.elsindical.com.ar\/notas\/var\/www\/html\/notas\/wp-content\/uploads\/2014\/10\/agua-potable-300x300.jpg 300w, https:\/\/www.elsindical.com.ar\/notas\/var\/www\/html\/notas\/wp-content\/uploads\/2014\/10\/agua-potable-150x150.jpg 150w, https:\/\/www.elsindical.com.ar\/notas\/var\/www\/html\/notas\/wp-content\/uploads\/2014\/10\/agua-potable.jpg 325w\" sizes=\"auto, (max-width: 300px) 100vw, 300px\" \/><\/a>\u00a0 Lo inform\u00f3 esta semana la empresa, que plante\u00f3 que hoy la \u201csituaci\u00f3n es deficitaria\u201d. La suba es de m\u00e1s del 200%. <strong>Habr\u00e1 un \u201cesquema de subsidios focalizado\u201d.<\/strong><\/em><\/p>\n<p id=\"pcontnota\">El aumento en la tarifa del agua ser\u00e1 del 216,6 por ciento, hab\u00eda adelantado el director de Aguas y Saneamiento Argentinos (AySA), Mart\u00edn Heinrich. Esta suba se suma a las otras anunciadas en las \u00faltimas horas; entre ellas, gas y transporte.<\/p>\n<p>Agua y Saneamientos Argentinos precis\u00f3 que el nuevo cuadro tarifario dispuesto por la Disposici\u00f3n N\u00b0 0062 de la Subsecretar\u00eda de Recursos H\u00eddricos \u201ctiene como objetivo rescatar a la empresa de la situaci\u00f3n deficitaria en la que hoy se encuentra y permitir que todos los recursos del Estado se inviertan en expandir los servicios y en llevarle agua potable y cloacas a quienes a\u00fan carecen de ellos\u201d.<\/p>\n<p>Seg\u00fan el nuevo cuadro tarifario, una familia tipo pagar\u00e1, en promedio, 125 pesos por mes y por servicio. Es decir, \u201cse abonar\u00e1 un promedio de 4 pesos por d\u00eda y por servicio\u201d. \u201cLa tarifa m\u00ednima ser\u00e1 de 83 pesos por mes y por servicio\u201d, apunta el comunicado difundido.<\/p>\n<p><strong>Subsidios.<\/strong> La empresa aclara que \u201caquellos usuarios de los sectores m\u00e1s vulnerables ser\u00e1n protegidos bajo un esquema de subsidios focalizados acorde a su capacidad de pago, ya sea eximi\u00e9ndolos del mismo o aplicando una tarifa social desde los 42 pesos por mes y por servicio\u201d.<\/p>\n<p>\u201cTodos los usuarios que se encuentren en situaci\u00f3n de solicitar estos beneficios, podr\u00e1n realizar el tr\u00e1mite personalmente acerc\u00e1ndose a cualquiera de los Centros de Atenci\u00f3n, detallados al dorso de su factura y aquellos que AySA dispondr\u00e1 en puntos estrat\u00e9gicos de la Ciudad y el \u00c1rea Metropolitana. Tambi\u00e9n podr\u00e1n hacerlo pr\u00f3ximamente online o a trav\u00e9s de una l\u00ednea telef\u00f3nica gratuita que se habilitar\u00e1 oportunamente\u201d, ampl\u00eda el comunicado.<\/p>\n<p>Quienes hayan sido beneficiados con la tarifa social, seguir\u00e1n gozando de la misma hasta el plazo fijado originalmente.<\/p>\n","protected":false},"excerpt":{"rendered":"<p>\u00a0 Lo inform\u00f3 esta semana la empresa, que plante\u00f3 que hoy la \u201csituaci\u00f3n es deficitaria\u201d. La suba es de m\u00e1s del 200%. Habr\u00e1 un \u201cesquema de subsidios focalizado\u201d. El aumento en la tarifa del agua ser\u00e1 del 216,6 por ciento, hab\u00eda adelantado el director de Aguas y Saneamiento Argentinos (AySA), Mart\u00edn Heinrich. Esta suba se&hellip;<\/p>\n","protected":false},"author":1,"featured_media":0,"comment_status":"open","ping_status":"open","sticky":false,"template":"","format":"standard","meta":{"footnotes":""},"categories":[9],"tags":[1923,357,12912,2353,23314],"class_list":["post-58470","post","type-post","status-publish","format-standard","hentry","category-economia","tag-agua","tag-aumento","tag-aysa","tag-clientes","tag-traifa"],"_links":{"self":[{"href":"https:\/\/www.elsindical.com.ar\/notas\/wp-json\/wp\/v2\/posts\/58470","targetHints":{"allow":["GET"]}}],"collection":[{"href":"https:\/\/www.elsindical.com.ar\/notas\/wp-json\/wp\/v2\/posts"}],"about":[{"href":"https:\/\/www.elsindical.com.ar\/notas\/wp-json\/wp\/v2\/types\/post"}],"author":[{"embeddable":true,"href":"https:\/\/www.elsindical.com.ar\/notas\/wp-json\/wp\/v2\/users\/1"}],"replies":[{"embeddable":true,"href":"https:\/\/www.elsindical.com.ar\/notas\/wp-json\/wp\/v2\/comments?post=58470"}],"version-history":[{"count":1,"href":"https:\/\/www.elsindical.com.ar\/notas\/wp-json\/wp\/v2\/posts\/58470\/revisions"}],"predecessor-version":[{"id":58471,"href":"https:\/\/www.elsindical.com.ar\/notas\/wp-json\/wp\/v2\/posts\/58470\/revisions\/58471"}],"wp:attachment":[{"href":"https:\/\/www.elsindical.com.ar\/notas\/wp-json\/wp\/v2\/media?parent=58470"}],"wp:term":[{"taxonomy":"category","embeddable":true,"href":"https:\/\/www.elsindical.com.ar\/notas\/wp-json\/wp\/v2\/categories?post=58470"},{"taxonomy":"post_tag","embeddable":true,"href":"https:\/\/www.elsindical.com.ar\/notas\/wp-json\/wp\/v2\/tags?post=58470"}],"curies":[{"name":"wp","href":"https:\/\/api.w.org\/{rel}","templated":true}]}}