{"id":58420,"date":"2016-04-02T12:05:44","date_gmt":"2016-04-02T15:05:44","guid":{"rendered":"http:\/\/www.elsindical.com.ar\/notas\/?p=58420"},"modified":"2016-04-02T12:05:44","modified_gmt":"2016-04-02T15:05:44","slug":"ricardo-jaime-el-primer-preso-kirchnerista","status":"publish","type":"post","link":"https:\/\/www.elsindical.com.ar\/notas\/ricardo-jaime-el-primer-preso-kirchnerista\/","title":{"rendered":"Ricardo Jaime el primer preso kirchnerista"},"content":{"rendered":"<p><em><a href=\"http:\/\/www.elsindical.com.ar\/notas\/var\/www\/html\/notas\/wp-content\/uploads\/2010\/04\/Ricardo-Jaime.jpg\" rel=\"attachment wp-att-5615\"><img loading=\"lazy\" decoding=\"async\" class=\"alignnone size-full wp-image-5615\" src=\"http:\/\/www.elsindical.com.ar\/notas\/var\/www\/html\/notas\/wp-content\/uploads\/2010\/04\/Ricardo-Jaime.jpg\" alt=\"Ricardo-Jaime\" width=\"198\" height=\"219\" \/><\/a>\u00a0Fue en la delegaci\u00f3n C\u00f3rdoba de la Polic\u00eda Federal tras la orden del juez Ercolini, quien tambi\u00e9n solicit\u00f3 el arresto de Manuel V\u00e1zquez, su testaferro.\u00a0<\/em><\/p>\n<p>Ricardo Jaime, el ex funcionario kirchnerista que cuenta con tres condenas en su contra, se present\u00f3 hoy en una sede de la Polic\u00eda Federal del barrio Nueva C\u00f3rdoba para notificarse de la orden de arresto emanada por el juez federal Juli\u00e1n Ercolini.<\/p>\n<p>Jaime lleg\u00f3 en taxi a la comisar\u00eda ubicada en la calle Hip\u00f3lito Yrigoyen del barrio Nueva C\u00f3rdoba, en la capital de esa provincia.<\/p>\n<p>El juez federal Juli\u00e1n Ercolini hab\u00eda ordenado la detenci\u00f3n de Jaime para que sea trasladado a los Tribunales de Comodoro Py, a fin de ser indagado en una causa en la que se investiga la compra millonaria de material rodante a Espa\u00f1a y Portugal durante los primeros a\u00f1os del kirchnerismo.<\/p>\n<p>El ex funcionario est\u00e1 investigado por el delito de malversaci\u00f3n de caudales p\u00fabicos, cuya pena, estipulada en el art\u00edculo 261 del C\u00f3digo Penal, establece: \u00abSer\u00e1 reprimido con reclusi\u00f3n o prisi\u00f3n de 2 a 10 a\u00f1os e inhabilitaci\u00f3n absoluta perpetua, el funcionario p\u00fablico que sustrajere caudales o efectos, cuya administraci\u00f3n, percepci\u00f3n o custodia le haya sido confiada por raz\u00f3n de su cargo. Ser\u00e1 reprimido con la misma pena el funcionario que empleare en provecho propio o de un tercero, trabajos o servicios pagados por una administraci\u00f3n p\u00fablica\u00bb.<\/p>\n<p>El juez tambi\u00e9n orden\u00f3 la detenci\u00f3n de Manuel V\u00e1zquez, condenado por ser \u00abtestaferro\u00bb de Jaime, y quien cobr\u00f3 con una sociedad que ten\u00eda una oficina en Buenos Aires y otra en Madrid, algo m\u00e1s de dos millones de euros en \u00abcomisiones\u00bb por la compra de material rodante en Espa\u00f1a.<\/p>\n<p>V\u00e1zquez tambi\u00e9n tiene condenas anteriores: una por d\u00e1divas en la que comparti\u00f3 causa con Jaime y otra por estafa. Y es por eso, sumado a las particularidades de la causa, que el juez pidi\u00f3 su detenci\u00f3n.<\/p>\n<p>En el expediente por el que Ercolini orden\u00f3 que la Gendarmer\u00eda detenga a Jaime y a V\u00e1zquez (a uno en C\u00f3rdoba y al otro en la Provincia de Buenos Aires) se investiga la compra millonaria de trenes europeos. Buena parte de lo comprado era inservible, se pagaron sobreprecios y adem\u00e1s hubo retornos que pag\u00f3 el Estado argentino como recargo del precio estipulado. Y que cobraron Jaime\/V\u00e1zquez.<\/p>\n","protected":false},"excerpt":{"rendered":"<p>\u00a0Fue en la delegaci\u00f3n C\u00f3rdoba de la Polic\u00eda Federal tras la orden del juez Ercolini, quien tambi\u00e9n solicit\u00f3 el arresto de Manuel V\u00e1zquez, su testaferro.\u00a0 Ricardo Jaime, el ex funcionario kirchnerista que cuenta con tres condenas en su contra, se present\u00f3 hoy en una sede de la Polic\u00eda Federal del barrio Nueva C\u00f3rdoba para notificarse&hellip;<\/p>\n","protected":false},"author":1,"featured_media":0,"comment_status":"open","ping_status":"open","sticky":false,"template":"","format":"standard","meta":{"footnotes":""},"categories":[20],"tags":[153,8582,23296,698,2984],"class_list":["post-58420","post","type-post","status-publish","format-standard","hentry","category-judiciales","tag-cordoba","tag-juez-federal-julian-ercolini","tag-kirchnerista","tag-pfa","tag-ricardo-jaime"],"_links":{"self":[{"href":"https:\/\/www.elsindical.com.ar\/notas\/wp-json\/wp\/v2\/posts\/58420","targetHints":{"allow":["GET"]}}],"collection":[{"href":"https:\/\/www.elsindical.com.ar\/notas\/wp-json\/wp\/v2\/posts"}],"about":[{"href":"https:\/\/www.elsindical.com.ar\/notas\/wp-json\/wp\/v2\/types\/post"}],"author":[{"embeddable":true,"href":"https:\/\/www.elsindical.com.ar\/notas\/wp-json\/wp\/v2\/users\/1"}],"replies":[{"embeddable":true,"href":"https:\/\/www.elsindical.com.ar\/notas\/wp-json\/wp\/v2\/comments?post=58420"}],"version-history":[{"count":1,"href":"https:\/\/www.elsindical.com.ar\/notas\/wp-json\/wp\/v2\/posts\/58420\/revisions"}],"predecessor-version":[{"id":58421,"href":"https:\/\/www.elsindical.com.ar\/notas\/wp-json\/wp\/v2\/posts\/58420\/revisions\/58421"}],"wp:attachment":[{"href":"https:\/\/www.elsindical.com.ar\/notas\/wp-json\/wp\/v2\/media?parent=58420"}],"wp:term":[{"taxonomy":"category","embeddable":true,"href":"https:\/\/www.elsindical.com.ar\/notas\/wp-json\/wp\/v2\/categories?post=58420"},{"taxonomy":"post_tag","embeddable":true,"href":"https:\/\/www.elsindical.com.ar\/notas\/wp-json\/wp\/v2\/tags?post=58420"}],"curies":[{"name":"wp","href":"https:\/\/api.w.org\/{rel}","templated":true}]}}