{"id":58323,"date":"2016-03-29T01:54:39","date_gmt":"2016-03-29T04:54:39","guid":{"rendered":"http:\/\/www.elsindical.com.ar\/notas\/?p=58323"},"modified":"2016-03-29T01:54:39","modified_gmt":"2016-03-29T04:54:39","slug":"bancarios-cumplen-40-dias-de-acampe-frente-al-banco-central","status":"publish","type":"post","link":"https:\/\/www.elsindical.com.ar\/notas\/bancarios-cumplen-40-dias-de-acampe-frente-al-banco-central\/","title":{"rendered":"Bancarios cumplen 40 d\u00edas de acampe frente al Banco Central"},"content":{"rendered":"<p class=\"copete\"><em><a href=\"http:\/\/www.elsindical.com.ar\/notas\/var\/www\/html\/notas\/wp-content\/uploads\/2016\/03\/carpa-BCRA.jpg\" rel=\"attachment wp-att-58324\"><img loading=\"lazy\" decoding=\"async\" class=\"alignnone size-medium wp-image-58324\" src=\"http:\/\/www.elsindical.com.ar\/notas\/var\/www\/html\/notas\/wp-content\/uploads\/2016\/03\/carpa-BCRA-300x176.jpg\" alt=\"carpa-BCRA\" width=\"300\" height=\"176\" srcset=\"https:\/\/www.elsindical.com.ar\/notas\/var\/www\/html\/notas\/wp-content\/uploads\/2016\/03\/carpa-BCRA-300x176.jpg 300w, https:\/\/www.elsindical.com.ar\/notas\/var\/www\/html\/notas\/wp-content\/uploads\/2016\/03\/carpa-BCRA-500x294.jpg 500w, https:\/\/www.elsindical.com.ar\/notas\/var\/www\/html\/notas\/wp-content\/uploads\/2016\/03\/carpa-BCRA.jpg 620w\" sizes=\"auto, (max-width: 300px) 100vw, 300px\" \/><\/a>\u00a0 Reclaman la reincorporaci\u00f3n de decenas de trabajadores despedidos. En las pr\u00f3ximas horas podr\u00edan anunciar un paro nacional en el sector.<\/em><\/p>\n<p>La <strong>Asociaci\u00f3n Bancaria (AB)<\/strong> que conduce<strong> Sergio Palazzo<\/strong> cumple este lunes cuarenta d\u00edas de acampe frente a la sede del Banco Central, para reclamar la reincorporaci\u00f3n de los 47 trabajadores despedidos en la entidad que conduce<strong> Federico Sturzenegger<\/strong>.<\/p>\n<p>El reclamo <strong>comenz\u00f3 el pasado 17 de febrero <\/strong>y ya recibi\u00f3 el respaldo de la CGT de Hugo Moyano, Luis Barrionuevo y Antonio Cal\u00f3 y las CTA de Hugo Yasky y Pablo Micheli. Adem\u00e1s, legisladores y dirigentes se pronunciaron por la urgente soluci\u00f3n del conflicto.<\/p>\n<p>Desde La Bancaria advirtieron que<strong> continuar\u00e1n con el acampe hasta lograr la reincorporaci\u00f3n<\/strong> de los despedidos en el Central y los bancos Provincia de Buenos Aires e Hipotecario. Asimismo se manifestaron en contra del cierre de la banca minorista del Citibank en el pa\u00eds.<\/p>\n<p>En el mismo sentido, el Plenario de Secretarios Generales del gremio se reuni\u00f3 el pasado 16 de marzo y autoriz\u00f3 al consejo directivo de la Asociaci\u00f3n Bancaria a \u00abadoptar todas las medidas gremiales que considere pertinente, incluyendo un paro nacional\u00bb.<\/p>\n<p>En consecuencia, las m\u00e1ximas autoridades del sindicato preparan la medida de fuerza, que ser\u00eda anunciada en los pr\u00f3ximos d\u00edas.<\/p>\n","protected":false},"excerpt":{"rendered":"<p>\u00a0 Reclaman la reincorporaci\u00f3n de decenas de trabajadores despedidos. En las pr\u00f3ximas horas podr\u00edan anunciar un paro nacional en el sector. La Asociaci\u00f3n Bancaria (AB) que conduce Sergio Palazzo cumple este lunes cuarenta d\u00edas de acampe frente a la sede del Banco Central, para reclamar la reincorporaci\u00f3n de los 47 trabajadores despedidos en la entidad&hellip;<\/p>\n","protected":false},"author":1,"featured_media":0,"comment_status":"open","ping_status":"open","sticky":false,"template":"","format":"standard","meta":{"footnotes":""},"categories":[16],"tags":[1489,910,37,77],"class_list":["post-58323","post","type-post","status-publish","format-standard","hentry","category-gremiales","tag-bcra","tag-cgt","tag-federico-sturzenegger","tag-hugo-moyano"],"_links":{"self":[{"href":"https:\/\/www.elsindical.com.ar\/notas\/wp-json\/wp\/v2\/posts\/58323","targetHints":{"allow":["GET"]}}],"collection":[{"href":"https:\/\/www.elsindical.com.ar\/notas\/wp-json\/wp\/v2\/posts"}],"about":[{"href":"https:\/\/www.elsindical.com.ar\/notas\/wp-json\/wp\/v2\/types\/post"}],"author":[{"embeddable":true,"href":"https:\/\/www.elsindical.com.ar\/notas\/wp-json\/wp\/v2\/users\/1"}],"replies":[{"embeddable":true,"href":"https:\/\/www.elsindical.com.ar\/notas\/wp-json\/wp\/v2\/comments?post=58323"}],"version-history":[{"count":1,"href":"https:\/\/www.elsindical.com.ar\/notas\/wp-json\/wp\/v2\/posts\/58323\/revisions"}],"predecessor-version":[{"id":58325,"href":"https:\/\/www.elsindical.com.ar\/notas\/wp-json\/wp\/v2\/posts\/58323\/revisions\/58325"}],"wp:attachment":[{"href":"https:\/\/www.elsindical.com.ar\/notas\/wp-json\/wp\/v2\/media?parent=58323"}],"wp:term":[{"taxonomy":"category","embeddable":true,"href":"https:\/\/www.elsindical.com.ar\/notas\/wp-json\/wp\/v2\/categories?post=58323"},{"taxonomy":"post_tag","embeddable":true,"href":"https:\/\/www.elsindical.com.ar\/notas\/wp-json\/wp\/v2\/tags?post=58323"}],"curies":[{"name":"wp","href":"https:\/\/api.w.org\/{rel}","templated":true}]}}