{"id":58230,"date":"2016-03-25T00:35:38","date_gmt":"2016-03-25T03:35:38","guid":{"rendered":"http:\/\/www.elsindical.com.ar\/notas\/?p=58230"},"modified":"2016-03-25T00:35:38","modified_gmt":"2016-03-25T03:35:38","slug":"quienes-y-cuando-deberan-adaptarse-a-la-factura-electronica-de-afip","status":"publish","type":"post","link":"https:\/\/www.elsindical.com.ar\/notas\/quienes-y-cuando-deberan-adaptarse-a-la-factura-electronica-de-afip\/","title":{"rendered":"Qui\u00e9nes y cu\u00e1ndo deber\u00e1n adaptarse a la factura electr\u00f3nica de AFIP"},"content":{"rendered":"<div><em><a href=\"http:\/\/www.elsindical.com.ar\/notas\/var\/www\/html\/notas\/wp-content\/uploads\/2016\/03\/Factura-electr\u00f3nica.jpg\" rel=\"attachment wp-att-58231\"><img loading=\"lazy\" decoding=\"async\" class=\"alignnone size-medium wp-image-58231\" src=\"http:\/\/www.elsindical.com.ar\/notas\/var\/www\/html\/notas\/wp-content\/uploads\/2016\/03\/Factura-electr\u00f3nica-300x195.jpg\" alt=\"Factura-electr\u00f3nica\" width=\"300\" height=\"195\" srcset=\"https:\/\/www.elsindical.com.ar\/notas\/var\/www\/html\/notas\/wp-content\/uploads\/2016\/03\/Factura-electr\u00f3nica-300x195.jpg 300w, https:\/\/www.elsindical.com.ar\/notas\/var\/www\/html\/notas\/wp-content\/uploads\/2016\/03\/Factura-electr\u00f3nica-462x300.jpg 462w, https:\/\/www.elsindical.com.ar\/notas\/var\/www\/html\/notas\/wp-content\/uploads\/2016\/03\/Factura-electr\u00f3nica.jpg 620w\" sizes=\"auto, (max-width: 300px) 100vw, 300px\" \/><\/a>\u00a0 Despu\u00e9s de idas y vueltas, la <b>Administraci\u00f3n Federal de Ingresos P\u00fablicos (AFIP)<\/b> anunci\u00f3 finalmente que la factura electr\u00f3nica ser\u00e1 obligatoria a partir de este a\u00f1o. La implementaci\u00f3n no ser\u00e1 para todos ni ser\u00e1 inmediata, sino que el organismo public\u00f3 el cronograma seg\u00fan los \u00absujetos obligados\u00bb y la \u00abfecha de aplicaci\u00f3n\u00bb.<\/em><\/div>\n<div><\/div>\n<div>La medida comprende no s\u00f3lo a los inscriptos en IVA, sino que tambi\u00e9n a empresas de medicina prepaga y colegios privados. Pero no ser\u00e1n los \u00fanicos. Los locadores de inmuebles rurales, los que ofrecen alquileres temporarios con fines tur\u00edsticos y las galer\u00edas de arte deber\u00e1n buscar la fecha correspondiente para <b>empezar a emitir factura electr\u00f3nica<\/b>.<\/div>\n<div><\/div>\n<div>El organismo aclar\u00f3 que para aquellas personas que \u00abpor problemas estructurales o regionales de conectividad\u00bb no tienen acceso a Internet y no pueden cumplir con esta obligaci\u00f3n, deber\u00e1n informar a la AFIP con anterioridad de la entrada en vigencia de la obligaci\u00f3n. Esto deber\u00e1 ser presentado \u00abcon car\u00e1cter de declaraci\u00f3n jurada\u00bb.<\/div>\n<div><\/div>\n<div>Esta declaraci\u00f3n se deber\u00e1 realizar a trav\u00e9s del servicio con Clave Fiscal \u00abReg\u00edmenes de Facturaci\u00f3n y Registraci\u00f3n (REAR\/RECE\/RFI)\u00bb.<\/p>\n<div>\n<p>\u00abCon la factura electr\u00f3nica la AFIP se propone intensificar el uso de herramientas inform\u00e1ticas destinadas a facilitar a los contribuyentes el cumplimiento de sus obligaciones fiscales, as\u00ed como optimizar las funciones de fiscalizaci\u00f3n de los grav\u00e1menes a su cargo\u00bb, especific\u00f3 en un comunicado.<\/p>\n<\/div>\n<\/div>\n","protected":false},"excerpt":{"rendered":"<p>\u00a0 Despu\u00e9s de idas y vueltas, la Administraci\u00f3n Federal de Ingresos P\u00fablicos (AFIP) anunci\u00f3 finalmente que la factura electr\u00f3nica ser\u00e1 obligatoria a partir de este a\u00f1o. La implementaci\u00f3n no ser\u00e1 para todos ni ser\u00e1 inmediata, sino que el organismo public\u00f3 el cronograma seg\u00fan los \u00absujetos obligados\u00bb y la \u00abfecha de aplicaci\u00f3n\u00bb. La medida comprende no&hellip;<\/p>\n","protected":false},"author":1,"featured_media":0,"comment_status":"open","ping_status":"open","sticky":false,"template":"","format":"standard","meta":{"footnotes":""},"categories":[9],"tags":[69,22916,23255,3194],"class_list":["post-58230","post","type-post","status-publish","format-standard","hentry","category-economia","tag-afip","tag-clave-fiscal","tag-factura-electronica","tag-iva"],"_links":{"self":[{"href":"https:\/\/www.elsindical.com.ar\/notas\/wp-json\/wp\/v2\/posts\/58230","targetHints":{"allow":["GET"]}}],"collection":[{"href":"https:\/\/www.elsindical.com.ar\/notas\/wp-json\/wp\/v2\/posts"}],"about":[{"href":"https:\/\/www.elsindical.com.ar\/notas\/wp-json\/wp\/v2\/types\/post"}],"author":[{"embeddable":true,"href":"https:\/\/www.elsindical.com.ar\/notas\/wp-json\/wp\/v2\/users\/1"}],"replies":[{"embeddable":true,"href":"https:\/\/www.elsindical.com.ar\/notas\/wp-json\/wp\/v2\/comments?post=58230"}],"version-history":[{"count":1,"href":"https:\/\/www.elsindical.com.ar\/notas\/wp-json\/wp\/v2\/posts\/58230\/revisions"}],"predecessor-version":[{"id":58232,"href":"https:\/\/www.elsindical.com.ar\/notas\/wp-json\/wp\/v2\/posts\/58230\/revisions\/58232"}],"wp:attachment":[{"href":"https:\/\/www.elsindical.com.ar\/notas\/wp-json\/wp\/v2\/media?parent=58230"}],"wp:term":[{"taxonomy":"category","embeddable":true,"href":"https:\/\/www.elsindical.com.ar\/notas\/wp-json\/wp\/v2\/categories?post=58230"},{"taxonomy":"post_tag","embeddable":true,"href":"https:\/\/www.elsindical.com.ar\/notas\/wp-json\/wp\/v2\/tags?post=58230"}],"curies":[{"name":"wp","href":"https:\/\/api.w.org\/{rel}","templated":true}]}}