{"id":5818,"date":"2010-04-24T01:05:56","date_gmt":"2010-04-24T04:05:56","guid":{"rendered":"http:\/\/www.elsindical.com.ar\/notas\/?p=5818"},"modified":"2010-04-24T01:05:56","modified_gmt":"2010-04-24T04:05:56","slug":"obligan-a-la-prepaga-osde-a-pagar-alimentos-a-una-nina-celiaca","status":"publish","type":"post","link":"https:\/\/www.elsindical.com.ar\/notas\/obligan-a-la-prepaga-osde-a-pagar-alimentos-a-una-nina-celiaca\/","title":{"rendered":"Obligan a la prepaga OSDE a pagar alimentos a una ni\u00f1a cel\u00edaca"},"content":{"rendered":"<p style=\"text-align: justify;\"><em><a href=\"http:\/\/www.elsindical.com.ar\/notas\/var\/www\/html\/notas\/wp-content\/uploads\/2010\/04\/nena-cel\u00edaca.jpg\"><img loading=\"lazy\" decoding=\"async\" class=\"alignleft size-full wp-image-5819\" title=\"nena-cel\u00edaca\" src=\"http:\/\/www.elsindical.com.ar\/notas\/var\/www\/html\/notas\/wp-content\/uploads\/2010\/04\/nena-cel\u00edaca.jpg\" alt=\"\" width=\"207\" height=\"207\" srcset=\"https:\/\/www.elsindical.com.ar\/notas\/var\/www\/html\/notas\/wp-content\/uploads\/2010\/04\/nena-cel\u00edaca.jpg 207w, https:\/\/www.elsindical.com.ar\/notas\/var\/www\/html\/notas\/wp-content\/uploads\/2010\/04\/nena-cel\u00edaca-150x150.jpg 150w\" sizes=\"auto, (max-width: 207px) 100vw, 207px\" \/><\/a>Es el segundo fallo contra la misma empresa, que ya fue obligada a cubrir con descuentos en otro caso.<\/em><\/p>\n<p style=\"text-align: justify;\">Por segunda vez en un mes, la Justicia fall\u00f3 a favor de una ni\u00f1a cel\u00edaca, y oblig\u00f3 a la prepaga a abonar <strong>en su totalidad<\/strong> los alimentos libres de gluten que debe consumir.<\/p>\n<div style=\"text-align: justify;\">El fallo fue a favor de un recurso de amparo presentado por los padres de una nena entrerriana de 3 a\u00f1os, que en noviembre se enteraron que la ni\u00f1a es cel\u00edaca, por lo que le solicitaron a OSDE la cobertura de la dieta de la nena, pero la prepaga rechaz\u00f3 el planteo.<\/div>\n<div style=\"text-align: justify;\">\u00a0<\/div>\n<div style=\"text-align: justify;\">El lunes, el Superior Tribunal de Justicia provincial orden\u00f3 <strong>\u00abcubrir el 100% de las harinas y premezclas libres de gluten\u00bb<\/strong> y lo indicado por la nutricionista: \u00abgalletitas dulces, pastas de arroz, premezcla para panader\u00eda y reposter\u00eda, polvos para preparar bizcochuelo, masa para tartas y empanadas, \u00f1oquis, harina de arroz, almid\u00f3n de ma\u00edz y f\u00e9cula de mandioca\u00bb, cont\u00f3 la familia al diario <em>Clar\u00edn<\/em>.<\/div>\n<div style=\"text-align: justify;\">\u00a0<\/div>\n<div style=\"text-align: justify;\">Es la segunda vez que la misma prepaga debe ceder ante la intervenci\u00f3n de la Justicia. A fines de marzo, en la ciudad de Buenos Aires, la C\u00e1mara en lo Civil y Comercial Federal conden\u00f3 a la empresa a solventar parcialmente la compra de harinas especiales para cel\u00edacos a una familia cuya hija de 9 a\u00f1os padece de esa enfermedad.<\/div>\n<div style=\"text-align: justify;\">\u00a0<\/div>\n<div style=\"text-align: justify;\">La Sala Segunda de la C\u00e1mara equipar\u00f3 las \u00abharinas y premezclas libres de gluten\u00bb con los medicamentos que los afiliados a la prepaga obtienen con descuentos en farmacias, y conden\u00f3 a la empresa a aplicar las mismas bonificaciones a favor de la paciente.<\/div>\n<div style=\"text-align: justify;\">\u00a0<\/div>\n<div style=\"text-align: justify;\">La empresa de medicina prepaga OSDE \u00abdeber\u00e1 reintegrar a los actores un porcentaje id\u00e9ntico al que reconoce para la compra de medicamentos en general en la compra de harinas y premezclas libre de gluten\u00bb, sostuvo el fallo, firmado por los jueces Alfredo Gusman, Ricardo Guarinoni y Santiago Kierman y publicado por la agencia DyN. Ante esta decisi\u00f3n, la empresa present\u00f3 un recurso extraordinario ante la Corte Suprema de Justicia de la Naci\u00f3n.<\/div>\n<p style=\"text-align: justify;\">En la Argentina hay m\u00e1s de 400 mil cel\u00edacos y se estima que la alimentaci\u00f3n para cel\u00edacos cuesta hasta 4 veces m\u00e1s que la com\u00fan. En la ley que se sancion\u00f3 en diciembre en la Ciudad, pero que a\u00fan no fue reglamentada, est\u00e1 previsto que obras sociales y prepagas brinden cobertura \u00abincluyendo a las harinas y premezclas libres de gluten\u00bb.<\/p>\n","protected":false},"excerpt":{"rendered":"<p>Es el segundo fallo contra la misma empresa, que ya fue obligada a cubrir con descuentos en otro caso. Por segunda vez en un mes, la Justicia fall\u00f3 a favor de una ni\u00f1a cel\u00edaca, y oblig\u00f3 a la prepaga a abonar en su totalidad los alimentos libres de gluten que debe consumir. El fallo fue&hellip;<\/p>\n","protected":false},"author":1,"featured_media":0,"comment_status":"open","ping_status":"open","sticky":false,"template":"","format":"standard","meta":{"footnotes":""},"categories":[20],"tags":[3071,197,41,3070,3072],"class_list":["post-5818","post","type-post","status-publish","format-standard","hentry","category-judiciales","tag-celiaco","tag-fallo","tag-justicia","tag-osde","tag-tratamiento"],"_links":{"self":[{"href":"https:\/\/www.elsindical.com.ar\/notas\/wp-json\/wp\/v2\/posts\/5818","targetHints":{"allow":["GET"]}}],"collection":[{"href":"https:\/\/www.elsindical.com.ar\/notas\/wp-json\/wp\/v2\/posts"}],"about":[{"href":"https:\/\/www.elsindical.com.ar\/notas\/wp-json\/wp\/v2\/types\/post"}],"author":[{"embeddable":true,"href":"https:\/\/www.elsindical.com.ar\/notas\/wp-json\/wp\/v2\/users\/1"}],"replies":[{"embeddable":true,"href":"https:\/\/www.elsindical.com.ar\/notas\/wp-json\/wp\/v2\/comments?post=5818"}],"version-history":[{"count":2,"href":"https:\/\/www.elsindical.com.ar\/notas\/wp-json\/wp\/v2\/posts\/5818\/revisions"}],"predecessor-version":[{"id":5821,"href":"https:\/\/www.elsindical.com.ar\/notas\/wp-json\/wp\/v2\/posts\/5818\/revisions\/5821"}],"wp:attachment":[{"href":"https:\/\/www.elsindical.com.ar\/notas\/wp-json\/wp\/v2\/media?parent=5818"}],"wp:term":[{"taxonomy":"category","embeddable":true,"href":"https:\/\/www.elsindical.com.ar\/notas\/wp-json\/wp\/v2\/categories?post=5818"},{"taxonomy":"post_tag","embeddable":true,"href":"https:\/\/www.elsindical.com.ar\/notas\/wp-json\/wp\/v2\/tags?post=5818"}],"curies":[{"name":"wp","href":"https:\/\/api.w.org\/{rel}","templated":true}]}}