{"id":58100,"date":"2016-03-18T07:32:37","date_gmt":"2016-03-18T10:32:37","guid":{"rendered":"http:\/\/www.elsindical.com.ar\/notas\/?p=58100"},"modified":"2016-03-18T07:32:37","modified_gmt":"2016-03-18T10:32:37","slug":"lanus-dos-detenidos-por-el-homicidio-del-bombero-diego-cabo","status":"publish","type":"post","link":"https:\/\/www.elsindical.com.ar\/notas\/lanus-dos-detenidos-por-el-homicidio-del-bombero-diego-cabo\/","title":{"rendered":"Lan\u00fas: Dos detenidos por el homicidio del bombero Diego Cabo"},"content":{"rendered":"<p><em><a href=\"http:\/\/www.elsindical.com.ar\/notas\/var\/www\/html\/notas\/wp-content\/uploads\/2016\/03\/Diego-Cabo-2.jpg\" rel=\"attachment wp-att-58101\"><img loading=\"lazy\" decoding=\"async\" class=\"alignnone size-medium wp-image-58101\" src=\"http:\/\/www.elsindical.com.ar\/notas\/var\/www\/html\/notas\/wp-content\/uploads\/2016\/03\/Diego-Cabo-2-300x188.jpg\" alt=\"Diego Cabo 2\" width=\"300\" height=\"188\" srcset=\"https:\/\/www.elsindical.com.ar\/notas\/var\/www\/html\/notas\/wp-content\/uploads\/2016\/03\/Diego-Cabo-2-300x188.jpg 300w, https:\/\/www.elsindical.com.ar\/notas\/var\/www\/html\/notas\/wp-content\/uploads\/2016\/03\/Diego-Cabo-2-480x300.jpg 480w, https:\/\/www.elsindical.com.ar\/notas\/var\/www\/html\/notas\/wp-content\/uploads\/2016\/03\/Diego-Cabo-2.jpg 640w\" sizes=\"auto, (max-width: 300px) 100vw, 300px\" \/><\/a>\u00a0 <a href=\"http:\/\/www.elsindical.com.ar\/notas\/wilde-velatorio-y-reclamo-de-justicia-para-el-joven-bombero-asesinado-en-lanus\/\">Luego del reclamo que se difundi\u00f3 en los medios de prensa <\/a>de la familia del bombero Diego Cabo, muerto en ocasi\u00f3n del robo de su camioneta y del que inform\u00e1ramos en edici\u00f3n pasada, la polic\u00eda ha detenido en base a evidencias f\u00edlmicas y declaraciones de testigos a dos j\u00f3venes.<\/em><\/p>\n<p>Con la detenci\u00f3n de dos j\u00f3venes, uno de 18 y otro de 21 a\u00f1os, en allanamientos realizados en el barrio Parque Bar\u00f3n, la causa parece encaminarse, luego de que la familia denunciara negligencia por parte de algunos polic\u00edas en el tratamiento de la causa.<\/p>\n<p>\u201cDespu\u00e9s de realizarse diferentes tareas investigativas y con el aporte de material f\u00edlmico, fotogr\u00e1fico y de testigos, se aport\u00f3 la informaci\u00f3n al fiscal, quien autoriz\u00f3 el allanamiento con posteriores detenciones\u201d, explic\u00f3 Edgardo Garc\u00eda, titular de la Coordinaci\u00f3n, a\u00f1adi\u00f3 que ambos detenidos \u201ctienen antecedentes delictivos\u201d y que \u00abser\u00e1n indagados por homicidio\u00bb.<\/p>\n<p>Diego Cabo ten\u00eda 28 a\u00f1os y falleci\u00f3 tras diez d\u00edas de agon\u00eda debido a las graves heridas que sufri\u00f3 al caer al asfalto y golpear su cabeza contra la vereda. El hecho ocurri\u00f3 el 1 de marzo en la esquina de San Mart\u00edn y Magallanes. Momentos antes del robo, estaba con su hijo de 8 a\u00f1os frente a una pizzer\u00eda, cuando vio c\u00f3mo se llevaban su camioneta blanca.<\/p>\n<p>La Unidad Funcional de Instrucci\u00f3n (UFI) 1 del Departamento Judicial de Lomas de Zamora, podr\u00eda definir la car\u00e1tula como \u201chomicidio en ocasi\u00f3n de robo\u201d.<\/p>\n<p>La familia de Cabo, junto a vecinos y amigos, contin\u00faan con el reclamo de justicia. \u201cMi hermano era un pibe bueno, trabajador, y no se merec\u00eda esto. No queremos que quede en la nada, queremos Justicia\u00bb, hab\u00eda expresado el hermano de la v\u00edctima, Nicol\u00e1s.<\/p>\n","protected":false},"excerpt":{"rendered":"<p>\u00a0 Luego del reclamo que se difundi\u00f3 en los medios de prensa de la familia del bombero Diego Cabo, muerto en ocasi\u00f3n del robo de su camioneta y del que inform\u00e1ramos en edici\u00f3n pasada, la polic\u00eda ha detenido en base a evidencias f\u00edlmicas y declaraciones de testigos a dos j\u00f3venes. Con la detenci\u00f3n de dos&hellip;<\/p>\n","protected":false},"author":1,"featured_media":0,"comment_status":"open","ping_status":"open","sticky":false,"template":"","format":"standard","meta":{"footnotes":""},"categories":[22],"tags":[742,23174,41,209,23217,30],"class_list":["post-58100","post","type-post","status-publish","format-standard","hentry","category-policiales","tag-detenidos","tag-diego-cabo","tag-justicia","tag-lanus","tag-nicolas-cabo","tag-policia"],"_links":{"self":[{"href":"https:\/\/www.elsindical.com.ar\/notas\/wp-json\/wp\/v2\/posts\/58100","targetHints":{"allow":["GET"]}}],"collection":[{"href":"https:\/\/www.elsindical.com.ar\/notas\/wp-json\/wp\/v2\/posts"}],"about":[{"href":"https:\/\/www.elsindical.com.ar\/notas\/wp-json\/wp\/v2\/types\/post"}],"author":[{"embeddable":true,"href":"https:\/\/www.elsindical.com.ar\/notas\/wp-json\/wp\/v2\/users\/1"}],"replies":[{"embeddable":true,"href":"https:\/\/www.elsindical.com.ar\/notas\/wp-json\/wp\/v2\/comments?post=58100"}],"version-history":[{"count":1,"href":"https:\/\/www.elsindical.com.ar\/notas\/wp-json\/wp\/v2\/posts\/58100\/revisions"}],"predecessor-version":[{"id":58102,"href":"https:\/\/www.elsindical.com.ar\/notas\/wp-json\/wp\/v2\/posts\/58100\/revisions\/58102"}],"wp:attachment":[{"href":"https:\/\/www.elsindical.com.ar\/notas\/wp-json\/wp\/v2\/media?parent=58100"}],"wp:term":[{"taxonomy":"category","embeddable":true,"href":"https:\/\/www.elsindical.com.ar\/notas\/wp-json\/wp\/v2\/categories?post=58100"},{"taxonomy":"post_tag","embeddable":true,"href":"https:\/\/www.elsindical.com.ar\/notas\/wp-json\/wp\/v2\/tags?post=58100"}],"curies":[{"name":"wp","href":"https:\/\/api.w.org\/{rel}","templated":true}]}}