{"id":58074,"date":"2016-03-16T22:08:27","date_gmt":"2016-03-17T01:08:27","guid":{"rendered":"http:\/\/www.elsindical.com.ar\/notas\/?p=58074"},"modified":"2016-03-16T22:08:27","modified_gmt":"2016-03-17T01:08:27","slug":"multitudinaria-movilizacion-a-los-tribunales-para-combatir-el-narcotrafico","status":"publish","type":"post","link":"https:\/\/www.elsindical.com.ar\/notas\/multitudinaria-movilizacion-a-los-tribunales-para-combatir-el-narcotrafico\/","title":{"rendered":"Multitudinaria movilizaci\u00f3n a los Tribunales para combatir el narcotr\u00e1fico"},"content":{"rendered":"<p><strong><a href=\"http:\/\/www.elsindical.com.ar\/notas\/var\/www\/html\/notas\/wp-content\/uploads\/2016\/03\/IMG_1021.jpg\" rel=\"attachment wp-att-58075\"><img loading=\"lazy\" decoding=\"async\" class=\"alignnone size-medium wp-image-58075\" src=\"http:\/\/www.elsindical.com.ar\/notas\/var\/www\/html\/notas\/wp-content\/uploads\/2016\/03\/IMG_1021-300x200.jpg\" alt=\"IMG_1021\" width=\"300\" height=\"200\" srcset=\"https:\/\/www.elsindical.com.ar\/notas\/var\/www\/html\/notas\/wp-content\/uploads\/2016\/03\/IMG_1021-300x200.jpg 300w, https:\/\/www.elsindical.com.ar\/notas\/var\/www\/html\/notas\/wp-content\/uploads\/2016\/03\/IMG_1021-450x300.jpg 450w, https:\/\/www.elsindical.com.ar\/notas\/var\/www\/html\/notas\/wp-content\/uploads\/2016\/03\/IMG_1021.jpg 620w\" sizes=\"auto, (max-width: 300px) 100vw, 300px\" \/><\/a>\u00a0 Dirigentes firmantes del Pacto de San Antonio de Padua, bajo la enc\u00edclica Laudato Si&#8217;, entregaron en el Palacio de Justicia un petitorio contra el narcotr\u00e1fico.\u00a0<\/strong><\/p>\n<p><strong>Estuvieron presentes representantes del Partido Justicialista, Cambiemos, el Frente Renovador, adem\u00e1s de sindicalistas y vecinos de distintos barrios del Conurbano Bonaerense.<\/strong><\/p>\n<p>Pasadas las cuatro de la tarde de la jornada soleada de hoy, representantes del\u00a0Partido Justicialista, Cambiemos, el Frente Renovador, adem\u00e1s de sindicalistas y organizaciones sociales firmaron sobre las escalinatas de los Tribunales de Capital Federal, el petitorio dirigido a la Comisi\u00f3n Especial de Lucha Contra el Narcotr\u00e1fico.<\/p>\n<p>La movilizaci\u00f3n se realiz\u00f3 durante una reuni\u00f3n plenaria de jueces y fiscales federales que fue convocada por los firmantes del Pacto de San Antonio de Padua, con el fin de mejorar y agilizar los procedimientos en las causas sobre narcotr\u00e1fico.<\/p>\n<p>\u00abNos movilizamos al Palacio de Tribunales para manifestar nuestro apoyo a la\u00a0Comisi\u00f3n Especial de Lucha Contra el Narcotr\u00e1fico creada por la Corte Suprema e integrada por magistrados de todo el pa\u00eds y nuestro deseo es que la misma pueda encontrar mejores y m\u00e1s eficaces herramientas para combatir al narcotr\u00e1fico, rescatar e reinsertar socialmente con trabajo digno a las v\u00edctimas de las adicciones\u00bb, ese es el primer punto que resalta el petitorio presentado esta tarde. Mientras que el segundo \u00edtem resalta que los firmantes solicitan su apoyo \u201cpara que los intendentes sean respaldados en sus denuncias sobre trata, trabajo esclavo y narcotr\u00e1fico mediante investigaciones preliminares profundas que permitan terminar con las mafias y la impunidad\u00bb.<\/p>\n<p>El siguiente punto del petitorio resalta: \u00abApoyar la creaci\u00f3n de centros de recuperaci\u00f3n de adictos del Estado en cada municipio y con salida laboral para dar una alternativa digna de recuperaci\u00f3n a los l\u00edderes j\u00f3venes que hoy padecen problemas de adicciones\u00bb. En esa l\u00ednea contin\u00faa el pr\u00f3ximo punto: \u00abDesarrollar un proceso de cooperaci\u00f3n fluida y eficaz entre las intendencias y el poder judicial hoy representada en la Comisi\u00f3n Especial de Lucha Contra el Narcotr\u00e1fico, creada por la corte a fin de avanzar tanto en el combate a las mafias de la trata y al narcotr\u00e1fico como a la recuperaci\u00f3n de las v\u00edctimas de este flagelo en la sociedad actual\u00bb.<\/p>\n<p>El intendente de Merlo, Gustavo Men\u00e9ndez, valor\u00f3 esta iniciativa y detall\u00f3 que con esta presentaci\u00f3n cumplen el mandato del Papa. \u201cLe decimos no al narcotr\u00e1fico con todos los miembros firmantes del Pacto de Padua\u201d, expres\u00f3 y consider\u00f3 de vital importancia el \u00edtem que refiere a la reinserci\u00f3n de las v\u00edctimas de las adicciones. \u201cEs muy importante que los j\u00f3venes cuenten con la contenci\u00f3n necesaria\u201d, y agreg\u00f3: \u201cPara los firmantes del Pacto de Padua es importante cumplir con la Enc\u00edclica de Laudato S\u00ed en la que entre otros puntos, se le da relevancia a la problem\u00e1tica del narcotr\u00e1fico\u201d, subray\u00f3.<\/p>\n<p>El legislador porte\u00f1o Gustavo Vera destac\u00f3 la importancia de la entrega del petitorio. \u00abPor primera vez los intendentes del conurbano profundo tienen relaci\u00f3n directa con la Corte Suprema y pueden empezar a establecer un clima de cooperaci\u00f3n para poder luchar contra el narcotr\u00e1fico, acelerar las causas, disponer de bienes incautados y\/o decomisados y fundamentalmente para generar mecanismos que permitan recuperar a las personas que son v\u00edctimas de adicciones y que a su vez tengan salida laboral\u00bb, detall\u00f3.<\/p>\n<p>Participaron de esta convocatoria intendentes y legisladores de distintas localidades, dirigentes gremiales y sociales. Estuvieron el legislador porte\u00f1o Gustavo Vera, los intendentes de Merlo, Gustavo Men\u00e9ndez; de Malvinas Argentinas, Leonardo Nardini; de Ituzaing\u00f3, Alberto Descalzo; de San Mart\u00edn, Gabriel Katopodis; de Escobar, Ariel Sujarchuk; en representaci\u00f3n de Mart\u00edn Insaurralde, intendente de Lomas de Zamora, Federico Oterm\u00edn; el senador provincial del Frente Renovador Sebasti\u00e1n Galmarini; el secretario general del Sindicato de Polic\u00edas y Penitenciarios (<a href=\"http:\/\/sin.po.pe\/\">SIN.PO.PE<\/a>), Jos\u00e9 Carranza; empleados de comercios, sindicato de Esteban Echeverr\u00eda; la UOCRA; Ram\u00f3n Muerza del Sindicato de Comercio;\u00a0 La iniciativa por impulsada los jefes comunales que firmaron el Pacto de San Antonio de Padua el pasado 18 de enero y fue ratificado el 29 de febrero, que\u00a0fue promovido inicialmente por doce intendentes del Partido Justicialista de la provincia de Buenos Aires, que asumieron como propio el contenido de la \u00faltima enc\u00edclica papal, Laudato Si\u00b4 y luego se sumaron intendentes y representantes pol\u00edticos de distintas fuerzas.<\/p>\n<p>El Pacto de Padua\u00a0un firme compromiso de diez puntos inspirados en la gu\u00eda espiritual del Papa Francisco, que incluye consensos para enfrentar el flagelo del narcotr\u00e1fico,\u00a0que tambi\u00e9n contempla acuerdos para combatir la pobreza, la trata de personas, la violencia de g\u00e9nero, el da\u00f1o ambiental, la desnutrici\u00f3n y el abuso infantil, entre otras cuestiones, fue ratificado d\u00edas atr\u00e1s por m\u00e1s de 50 intendentes y legisladores de la gran mayor\u00eda de las fuerzas pol\u00edticas de distintos distritos del pa\u00eds.<\/p>\n","protected":false},"excerpt":{"rendered":"<p>\u00a0 Dirigentes firmantes del Pacto de San Antonio de Padua, bajo la enc\u00edclica Laudato Si&#8217;, entregaron en el Palacio de Justicia un petitorio contra el narcotr\u00e1fico.\u00a0 Estuvieron presentes representantes del Partido Justicialista, Cambiemos, el Frente Renovador, adem\u00e1s de sindicalistas y vecinos de distintos barrios del Conurbano Bonaerense. Pasadas las cuatro de la tarde de la&hellip;<\/p>\n","protected":false},"author":1,"featured_media":0,"comment_status":"open","ping_status":"open","sticky":false,"template":"","format":"standard","meta":{"footnotes":""},"categories":[13],"tags":[22169,16445,204],"class_list":["post-58074","post","type-post","status-publish","format-standard","hentry","category-politica","tag-cambiemos","tag-frente-renovador","tag-narcotrafico"],"_links":{"self":[{"href":"https:\/\/www.elsindical.com.ar\/notas\/wp-json\/wp\/v2\/posts\/58074","targetHints":{"allow":["GET"]}}],"collection":[{"href":"https:\/\/www.elsindical.com.ar\/notas\/wp-json\/wp\/v2\/posts"}],"about":[{"href":"https:\/\/www.elsindical.com.ar\/notas\/wp-json\/wp\/v2\/types\/post"}],"author":[{"embeddable":true,"href":"https:\/\/www.elsindical.com.ar\/notas\/wp-json\/wp\/v2\/users\/1"}],"replies":[{"embeddable":true,"href":"https:\/\/www.elsindical.com.ar\/notas\/wp-json\/wp\/v2\/comments?post=58074"}],"version-history":[{"count":1,"href":"https:\/\/www.elsindical.com.ar\/notas\/wp-json\/wp\/v2\/posts\/58074\/revisions"}],"predecessor-version":[{"id":58076,"href":"https:\/\/www.elsindical.com.ar\/notas\/wp-json\/wp\/v2\/posts\/58074\/revisions\/58076"}],"wp:attachment":[{"href":"https:\/\/www.elsindical.com.ar\/notas\/wp-json\/wp\/v2\/media?parent=58074"}],"wp:term":[{"taxonomy":"category","embeddable":true,"href":"https:\/\/www.elsindical.com.ar\/notas\/wp-json\/wp\/v2\/categories?post=58074"},{"taxonomy":"post_tag","embeddable":true,"href":"https:\/\/www.elsindical.com.ar\/notas\/wp-json\/wp\/v2\/tags?post=58074"}],"curies":[{"name":"wp","href":"https:\/\/api.w.org\/{rel}","templated":true}]}}