{"id":58056,"date":"2016-03-16T09:08:33","date_gmt":"2016-03-16T12:08:33","guid":{"rendered":"http:\/\/www.elsindical.com.ar\/notas\/?p=58056"},"modified":"2016-03-16T09:08:33","modified_gmt":"2016-03-16T12:08:33","slug":"paro-en-la-linea-b-de-subterraneos","status":"publish","type":"post","link":"https:\/\/www.elsindical.com.ar\/notas\/paro-en-la-linea-b-de-subterraneos\/","title":{"rendered":"Paro en la l\u00ednea B de subterr\u00e1neos"},"content":{"rendered":"<p><em><a href=\"http:\/\/www.elsindical.com.ar\/notas\/var\/www\/html\/notas\/wp-content\/uploads\/2010\/05\/paro-s\u00fabte-l\u00ednea-B.jpg\" rel=\"attachment wp-att-6119\"><img loading=\"lazy\" decoding=\"async\" class=\"alignnone size-full wp-image-6119\" src=\"http:\/\/www.elsindical.com.ar\/notas\/var\/www\/html\/notas\/wp-content\/uploads\/2010\/05\/paro-s\u00fabte-l\u00ednea-B.jpg\" alt=\"paro-s\u00fabte-l\u00ednea-B\" width=\"227\" height=\"154\" \/><\/a>\u00a0 Es por un conflicto de trabajadores efectivos. Reclaman el incumplimiento por parte de Metrov\u00edas de un acta que ordenaba blindar boleter\u00edas y regular la carga de las tarjetas SUBE.<\/em><\/p>\n<p><strong>Desde las 5 de la ma\u00f1ana no funciona la l\u00ednea B de subtes<\/strong> debido al reclamo de los trabajadores efectivos frente al incumplimiento por parte de Metrov\u00edas de un acta que ordenaba blindar las boleter\u00edas y regular la carga de las tarjetas SUBE.<\/p>\n<p>Seg\u00fan inform\u00f3 TN,<b> la medida se extender\u00e1 hasta que la empresa comience el di\u00e1logo con los delegados<\/b> que amenazan afectar tambi\u00e9n a las otras l\u00edneas del subte.<\/p>\n<div>El delegado Claudio Dellecarbonara aclar\u00f3 que son trabajadores efectivos, no terciarizados, que reclaman \u00abel cumplimiento de acuerdos a Metrov\u00edas y a Subterr\u00e1neos de Buenos Aires (SBASE)\u00bb. En su cuenta de Twitter, pidi\u00f3 que \u00abcesen los ataques a la Asociaci\u00f3n Gremial de Trabajadores del subte y premetro\u00bb.<\/div>\n<div><\/div>\n<div>De acuerdo con el sindicalista, el motivo tiene que ver con el incumplimiento de un acta que se firm\u00f3 en 2013, que se refer\u00eda a las condiciones de garant\u00eda m\u00ednimas de trabajo. \u00abMetrov\u00edas y SBASE no han cumplido. De hecho han hecho cosas contrarias al acta\u00bb, aclar\u00f3 Dellecarbonara.<\/div>\n<div><\/div>\n<div>\u00abLamentablemente nos vemos obligado a una medida de este tipo. Esperamos que sea por corto tiempo. Depende de Metrov\u00edas y de SBASE. Es f\u00e1cil el tema. Se resuelve cumpliendo el acta. En principio no tiene duraci\u00f3n la medida. Venimos advirtiendo esto durante mucho tiempo\u00bb, agreg\u00f3.<\/div>\n<div><\/div>\n<div>El delegado aclar\u00f3 que la medida es por tiempo indeterminado y que \u00abno pudieron avisar a los usuarios con la anticipaci\u00f3n que les hubiera gustado\u00bb, aunque dijo que \u00abhan tenido mucha paciencia\u00bb. \u00abNo nos gusta hacer paro. No la hacemos porque sea un deporte. Muchas veces no vamos a poder avisar porque hay un ataque en todas las l\u00edneas. Ha habido despidos de trabajadores efectivos. Hay un objetivo de que las condiciones de los trabajadores efectivos empeoren. Esperamos que nos llamen por tel\u00e9fono y entablar un canal de negociaci\u00f3n\u00bb, expres\u00f3.<\/div>\n<div><\/div>\n<div>En tanto, Metrov\u00edas dijo que \u00abesta medida resulta absolutamente irracional dado que se encuentra abierta una mesa de negociaci\u00f3n en el \u00e1mbito de la Subsecretrar\u00eda de Trabajo de la Ciudad, en la cual participan miembros de Metrov\u00edas, SBASE y AGTSyP (Asociaci\u00f3n Gremial de Trabajores del Subte y Premetro)\u00bb.<\/div>\n<div><\/div>\n<div>Aclar\u00f3 que el paro \u00abse viene dando en un marco de acuerdo y sin conflicto, en donde varios de los aspectos reclamados por los representantes gremiales y acordados en ese \u00e1mbito con la participaci\u00f3n de las autoridades est\u00e1n implement\u00e1ndose\u00bb.<\/div>\n<div><\/div>\n<div>\u00abMetrov\u00edas lamenta los inconvenientes que esta medida de fuerza injustificada y sorpresiva provoca a los miles usuarios que utilizan la L\u00ednea B para trasladarse por la Ciudad\u00bb, finaliz\u00f3.<\/div>\n","protected":false},"excerpt":{"rendered":"<p>\u00a0 Es por un conflicto de trabajadores efectivos. Reclaman el incumplimiento por parte de Metrov\u00edas de un acta que ordenaba blindar boleter\u00edas y regular la carga de las tarjetas SUBE. Desde las 5 de la ma\u00f1ana no funciona la l\u00ednea B de subtes debido al reclamo de los trabajadores efectivos frente al incumplimiento por parte&hellip;<\/p>\n","protected":false},"author":1,"featured_media":0,"comment_status":"open","ping_status":"open","sticky":false,"template":"","format":"standard","meta":{"footnotes":""},"categories":[16],"tags":[7721,4912,350,67,402,514,7205,8186,876],"class_list":["post-58056","post","type-post","status-publish","format-standard","hentry","category-gremiales","tag-agtsyp","tag-linea-b","tag-metrovias","tag-paro","tag-pasajeros","tag-reclamos","tag-sbase","tag-sube","tag-subte"],"_links":{"self":[{"href":"https:\/\/www.elsindical.com.ar\/notas\/wp-json\/wp\/v2\/posts\/58056","targetHints":{"allow":["GET"]}}],"collection":[{"href":"https:\/\/www.elsindical.com.ar\/notas\/wp-json\/wp\/v2\/posts"}],"about":[{"href":"https:\/\/www.elsindical.com.ar\/notas\/wp-json\/wp\/v2\/types\/post"}],"author":[{"embeddable":true,"href":"https:\/\/www.elsindical.com.ar\/notas\/wp-json\/wp\/v2\/users\/1"}],"replies":[{"embeddable":true,"href":"https:\/\/www.elsindical.com.ar\/notas\/wp-json\/wp\/v2\/comments?post=58056"}],"version-history":[{"count":1,"href":"https:\/\/www.elsindical.com.ar\/notas\/wp-json\/wp\/v2\/posts\/58056\/revisions"}],"predecessor-version":[{"id":58057,"href":"https:\/\/www.elsindical.com.ar\/notas\/wp-json\/wp\/v2\/posts\/58056\/revisions\/58057"}],"wp:attachment":[{"href":"https:\/\/www.elsindical.com.ar\/notas\/wp-json\/wp\/v2\/media?parent=58056"}],"wp:term":[{"taxonomy":"category","embeddable":true,"href":"https:\/\/www.elsindical.com.ar\/notas\/wp-json\/wp\/v2\/categories?post=58056"},{"taxonomy":"post_tag","embeddable":true,"href":"https:\/\/www.elsindical.com.ar\/notas\/wp-json\/wp\/v2\/tags?post=58056"}],"curies":[{"name":"wp","href":"https:\/\/api.w.org\/{rel}","templated":true}]}}