{"id":58014,"date":"2016-03-15T11:15:30","date_gmt":"2016-03-15T14:15:30","guid":{"rendered":"http:\/\/www.elsindical.com.ar\/notas\/?p=58014"},"modified":"2016-03-15T11:15:30","modified_gmt":"2016-03-15T14:15:30","slug":"menores-demoradas-por-encubrimiento-en-dock-sud","status":"publish","type":"post","link":"https:\/\/www.elsindical.com.ar\/notas\/menores-demoradas-por-encubrimiento-en-dock-sud\/","title":{"rendered":"Menores demoradas por encubrimiento en Dock Sud"},"content":{"rendered":"<p><a href=\"http:\/\/distritalavellaneda.com.ar\/wp-content\/uploads\/2015\/12\/cria-3ra-Dock-Sud.jpg\" rel=\"attachment wp-att-5067\"><img loading=\"lazy\" decoding=\"async\" class=\"alignnone size-medium wp-image-5067\" src=\"http:\/\/distritalavellaneda.com.ar\/wp-content\/uploads\/2015\/12\/cria-3ra-Dock-Sud-300x203.jpg\" alt=\"cria-3ra-Dock-Sud\" width=\"300\" height=\"203\" \/><\/a>Fecha, 15\/03\/16 (04.00 HS ) personal del C.P.C ZONA 11 M\u00f3vil 19206 SGTO ALBARENQUE TAMARA y OP PEREIRA BEN\u00cdTEZ, en recorrida en MONTA\u00d1A Y ALBERTI avistaran RENAULT SANDERO ptte JCM-663, y ante presencia de m\u00f3vil trataran de darse a la fuga, hasta llegar a ESPEJO e\/ LAS HERAS Y MONTA\u00d1A Dock Sud., donde el conductor perdiera el control del rodado en una mala maniobra y colisionara en forma lateral contra muro perimetral de jard\u00edn de Infante Municipal N\u00ba 03 ISLA MACIEL, descendiera el conductor fugara a pie, y se aprehendiera en el veh\u00edculo a DANIELA P., argentina, 16 a\u00f1os, soltera, dda SU\u00c1REZ 318 Avellaneda, CELESTE ANAHI N., argentina, 15 a\u00f1os, DNI no recuerda, dda DEAN FUNES 383, Avellaneda y MAR\u00cdA DE LOS ANGELES A., argentina, 16 a\u00f1os, dda DEAN FUNES 287 Avellaneda, mismas ilesas.<\/p>\n<p>En habit\u00e1culo se incauta r\u00e9plica de arma de fuego material pl\u00e1stico.<\/p>\n<p>Que el rodado en cuesti\u00f3n posee secuestro por Robo a Mano Armada con fecha 13\/03\/2016, solicitado CRIA SEC 18 de PFA.<\/p>\n<p>Se aloja aprehendidas en Cria Av 3ra se inicia IPP por encubrimiento, FISCAL\u00cdA DE FUERO DE RESPONSABILIDAD PENAL JUVENIL N\u00ba 5 A\/C Dr LAZARI, de BANFIELD.<\/p>\n<p>&nbsp;<\/p>\n<p><strong>Fuente: <a href=\"http:\/\/coordinacionpoliciaavellaneda.blogspot.com.ar\/\">Coordinaci\u00f3n Polic\u00eda Avellaneda<\/a><\/strong><\/p>\n","protected":false},"excerpt":{"rendered":"<p>Fecha, 15\/03\/16 (04.00 HS ) personal del C.P.C ZONA 11 M\u00f3vil 19206 SGTO ALBARENQUE TAMARA y OP PEREIRA BEN\u00cdTEZ, en recorrida en MONTA\u00d1A Y ALBERTI avistaran RENAULT SANDERO ptte JCM-663, y ante presencia de m\u00f3vil trataran de darse a la fuga, hasta llegar a ESPEJO e\/ LAS HERAS Y MONTA\u00d1A Dock Sud., donde el conductor&hellip;<\/p>\n","protected":false},"author":1,"featured_media":0,"comment_status":"open","ping_status":"open","sticky":false,"template":"","format":"standard","meta":{"footnotes":""},"categories":[22],"tags":[22301,22300,3028,252,23181],"class_list":["post-58014","post","type-post","status-publish","format-standard","hentry","category-policiales","tag-comisario-mayor-javier-carlos-villar","tag-coordinacion-de-policia-avellaneda","tag-dock-sud","tag-menores","tag-robo-a-mano-armada"],"_links":{"self":[{"href":"https:\/\/www.elsindical.com.ar\/notas\/wp-json\/wp\/v2\/posts\/58014","targetHints":{"allow":["GET"]}}],"collection":[{"href":"https:\/\/www.elsindical.com.ar\/notas\/wp-json\/wp\/v2\/posts"}],"about":[{"href":"https:\/\/www.elsindical.com.ar\/notas\/wp-json\/wp\/v2\/types\/post"}],"author":[{"embeddable":true,"href":"https:\/\/www.elsindical.com.ar\/notas\/wp-json\/wp\/v2\/users\/1"}],"replies":[{"embeddable":true,"href":"https:\/\/www.elsindical.com.ar\/notas\/wp-json\/wp\/v2\/comments?post=58014"}],"version-history":[{"count":1,"href":"https:\/\/www.elsindical.com.ar\/notas\/wp-json\/wp\/v2\/posts\/58014\/revisions"}],"predecessor-version":[{"id":58015,"href":"https:\/\/www.elsindical.com.ar\/notas\/wp-json\/wp\/v2\/posts\/58014\/revisions\/58015"}],"wp:attachment":[{"href":"https:\/\/www.elsindical.com.ar\/notas\/wp-json\/wp\/v2\/media?parent=58014"}],"wp:term":[{"taxonomy":"category","embeddable":true,"href":"https:\/\/www.elsindical.com.ar\/notas\/wp-json\/wp\/v2\/categories?post=58014"},{"taxonomy":"post_tag","embeddable":true,"href":"https:\/\/www.elsindical.com.ar\/notas\/wp-json\/wp\/v2\/tags?post=58014"}],"curies":[{"name":"wp","href":"https:\/\/api.w.org\/{rel}","templated":true}]}}