{"id":58009,"date":"2016-03-15T10:57:02","date_gmt":"2016-03-15T13:57:02","guid":{"rendered":"http:\/\/www.elsindical.com.ar\/notas\/?p=58009"},"modified":"2016-03-15T10:57:02","modified_gmt":"2016-03-15T13:57:02","slug":"soeme-fue-a-la-justicia-para-anular-las-paritarias","status":"publish","type":"post","link":"https:\/\/www.elsindical.com.ar\/notas\/soeme-fue-a-la-justicia-para-anular-las-paritarias\/","title":{"rendered":"SOEME fue a la Justicia para anular las paritarias"},"content":{"rendered":"<p class=\"copete\"><em><a href=\"http:\/\/www.elsindical.com.ar\/notas\/var\/www\/html\/notas\/wp-content\/uploads\/2016\/03\/SOEME-logo.jpg\" rel=\"attachment wp-att-58010\"><img loading=\"lazy\" decoding=\"async\" class=\"alignnone size-medium wp-image-58010\" src=\"http:\/\/www.elsindical.com.ar\/notas\/var\/www\/html\/notas\/wp-content\/uploads\/2016\/03\/SOEME-logo-300x86.jpg\" alt=\"SOEME logo\" width=\"300\" height=\"86\" srcset=\"https:\/\/www.elsindical.com.ar\/notas\/var\/www\/html\/notas\/wp-content\/uploads\/2016\/03\/SOEME-logo-300x86.jpg 300w, https:\/\/www.elsindical.com.ar\/notas\/var\/www\/html\/notas\/wp-content\/uploads\/2016\/03\/SOEME-logo.jpg 360w\" sizes=\"auto, (max-width: 300px) 100vw, 300px\" \/><\/a>\u00a0 El gremio que lidera Marcelo Balcedo denunci\u00f3 que el gobierno de Vidal viol\u00f3 normas prodecimentales en el transcurso de la negociaci\u00f3n salarial.<\/em><\/p>\n<p>El <strong>Sindicato de Obreros y Empleados de la Minoridad y la Educaci\u00f3n (SOEME)<\/strong> pidi\u00f3 en la Justicia de La Plata una medida cautelar para que se dicte la nulidad de la \u00faltima paritaria estatal y se reabra una discusi\u00f3n salarial en la Provincia basada en la real representaci\u00f3n de cada organizaci\u00f3n sindical.<\/p>\n<p>Entre los argumentos que esgrime el SOEME, gremio liderado por el ingeniero <strong>Marcelo Balcedo<\/strong>, se destaca que el Poder Ejecutivo incurri\u00f3 en v\u00edas de hecho de la administraci\u00f3n, que violan elementales normas procedimentales.<\/p>\n<p>\u00abEstas v\u00edas de hecho son actos nulos de nulidad absoluta y esto queda demostrado por el simple hecho de que<strong> se dieron por cerradas las paritarias sin siquiera notificarnos<\/strong> fehacientemente de la \u00faltima oferta ni del cierre de las negociaciones\u00bb, se\u00f1alaron.<\/p>\n<p>Desde el sindicato, tambi\u00e9n explicaron que \u00ab<strong>tampoco se establecieron los votos de cada una de las organizaciones <\/strong>gremiales que forman parte de la Ley 10.430 para determinar si existe la mayor\u00eda absoluta que exige la normativa vigente respecto a si la oferta realizada por la Provincia \u2013un irrisorio aumento de poco m\u00e1s de 15%, en dos cuotas- tiene la aceptaci\u00f3n de los trabajadores\u00bb.<\/p>\n<p>Tambi\u00e9n destacaron que \u00ablo que hizo el gobierno provincial no solamente atenta contra los procedimientos, sino tambi\u00e9n <strong>contra el derecho de fondo<\/strong> que protege a los trabajadores\u201d. Seg\u00fan el SOEME, a la hora de cuantificar el nivel de apoyo a la propuesta del gobierno no se cumpli\u00f3 con el art\u00edculo 10 de ley 13.453.<\/p>\n<p>\u00abPara imponer el aumento del 15% en dos cuotas, el m\u00e1s irrisorio del que se tenga memoria, el<strong> gobierno bonaerense invent\u00f3 un aut\u00e9ntico mamarracho<\/strong>: la paritaria electr\u00f3nica, mandar la propuesta por mail y esperar que le respondan por esa misma v\u00eda. Es algo absolutamente ilegal y por eso recurrimos a la Justicia\u00bb, remarc\u00f3 Balcedo a Diario Hoy.<\/p>\n","protected":false},"excerpt":{"rendered":"<p>\u00a0 El gremio que lidera Marcelo Balcedo denunci\u00f3 que el gobierno de Vidal viol\u00f3 normas prodecimentales en el transcurso de la negociaci\u00f3n salarial. El Sindicato de Obreros y Empleados de la Minoridad y la Educaci\u00f3n (SOEME) pidi\u00f3 en la Justicia de La Plata una medida cautelar para que se dicte la nulidad de la \u00faltima&hellip;<\/p>\n","protected":false},"author":1,"featured_media":0,"comment_status":"open","ping_status":"open","sticky":false,"template":"","format":"standard","meta":{"footnotes":""},"categories":[16],"tags":[41,7265,2107,23175],"class_list":["post-58009","post","type-post","status-publish","format-standard","hentry","category-gremiales","tag-justicia","tag-maria-eugenia-vidal","tag-paritarias","tag-soeme"],"_links":{"self":[{"href":"https:\/\/www.elsindical.com.ar\/notas\/wp-json\/wp\/v2\/posts\/58009","targetHints":{"allow":["GET"]}}],"collection":[{"href":"https:\/\/www.elsindical.com.ar\/notas\/wp-json\/wp\/v2\/posts"}],"about":[{"href":"https:\/\/www.elsindical.com.ar\/notas\/wp-json\/wp\/v2\/types\/post"}],"author":[{"embeddable":true,"href":"https:\/\/www.elsindical.com.ar\/notas\/wp-json\/wp\/v2\/users\/1"}],"replies":[{"embeddable":true,"href":"https:\/\/www.elsindical.com.ar\/notas\/wp-json\/wp\/v2\/comments?post=58009"}],"version-history":[{"count":1,"href":"https:\/\/www.elsindical.com.ar\/notas\/wp-json\/wp\/v2\/posts\/58009\/revisions"}],"predecessor-version":[{"id":58011,"href":"https:\/\/www.elsindical.com.ar\/notas\/wp-json\/wp\/v2\/posts\/58009\/revisions\/58011"}],"wp:attachment":[{"href":"https:\/\/www.elsindical.com.ar\/notas\/wp-json\/wp\/v2\/media?parent=58009"}],"wp:term":[{"taxonomy":"category","embeddable":true,"href":"https:\/\/www.elsindical.com.ar\/notas\/wp-json\/wp\/v2\/categories?post=58009"},{"taxonomy":"post_tag","embeddable":true,"href":"https:\/\/www.elsindical.com.ar\/notas\/wp-json\/wp\/v2\/tags?post=58009"}],"curies":[{"name":"wp","href":"https:\/\/api.w.org\/{rel}","templated":true}]}}