{"id":57987,"date":"2016-03-14T22:15:33","date_gmt":"2016-03-15T01:15:33","guid":{"rendered":"http:\/\/www.elsindical.com.ar\/notas\/?p=57987"},"modified":"2016-03-14T22:15:33","modified_gmt":"2016-03-15T01:15:33","slug":"justicia-por-michelle-joven-atropellado-en-wilde","status":"publish","type":"post","link":"https:\/\/www.elsindical.com.ar\/notas\/justicia-por-michelle-joven-atropellado-en-wilde\/","title":{"rendered":"Justicia por Michelle joven atropellado en Wilde"},"content":{"rendered":"<p><a href=\"http:\/\/www.elsindical.com.ar\/notas\/var\/www\/html\/notas\/wp-content\/uploads\/2016\/03\/Justicia-por-Michel.jpg\" rel=\"attachment wp-att-57989\"><img loading=\"lazy\" decoding=\"async\" class=\"alignnone size-medium wp-image-57989\" src=\"http:\/\/www.elsindical.com.ar\/notas\/var\/www\/html\/notas\/wp-content\/uploads\/2016\/03\/Justicia-por-Michel-300x225.jpg\" alt=\"Justicia-por-Michel\" width=\"300\" height=\"225\" srcset=\"https:\/\/www.elsindical.com.ar\/notas\/var\/www\/html\/notas\/wp-content\/uploads\/2016\/03\/Justicia-por-Michel-300x225.jpg 300w, https:\/\/www.elsindical.com.ar\/notas\/var\/www\/html\/notas\/wp-content\/uploads\/2016\/03\/Justicia-por-Michel-400x300.jpg 400w, https:\/\/www.elsindical.com.ar\/notas\/var\/www\/html\/notas\/wp-content\/uploads\/2016\/03\/Justicia-por-Michel.jpg 620w\" sizes=\"auto, (max-width: 300px) 100vw, 300px\" \/><\/a> Hoy cientos de personas volvieron a reunirse en la intersecci\u00f3n de las calles Camino Gral. Belgrano y Lynch, para reclamar una vez m\u00e1s JUSTICIA POR MICHELLE.<\/p>\n<p>El calvario de la familia del joven Michelle Jos\u00e9 Ledesma, comienza en la noche del d\u00eda 13 de marzo, cuando cerca de la intersecci\u00f3n donde se realizaba el pedido de justicia, Juan Ram\u00f3n G\u00f3mez, argentino de 56 a\u00f1os, casado, con domicilio en la calle Pte. Per\u00f3n al 2200 de Wilde, conduc\u00eda un veh\u00edculo marca Ford Fiesta Max, de color beige, patente IPB 077, embiste al menor el que circulaba en una moto Honda CG Tit\u00e1n 150 C.C. de color roja, patente 071 KPU, promediando las 22:15 hs.<\/p>\n<p>El joven de 17 a\u00f1os, fue trasladado por la ambulancia en grave estado al Hospital Vecinal de Lan\u00fas, donde qued\u00f3 internado en terapia intensiva con graves lesiones en la cabeza, posteriormente los estudios determinaron que el mismo presentaba muerte cerebral, por lo que la justicia contin\u00faa el proceso con la imputaci\u00f3n de homicidio culposo.<\/p>\n<p>Lamentablemente como suele suceder, ni la polic\u00eda, ni las autoridades judiciales o los m\u00e9dicos, supieron explicar la situaci\u00f3n a sus padres, lo que deriv\u00f3 en desconcierto y enojo, ya que la \u00fanica persona que les hablaba e incluso los llamaba por tel\u00e9fono a pesar del dolor, era una m\u00e9dica que se present\u00f3 como empleada del INCUCAI e insist\u00eda en que lo mejor que pod\u00edan hacer los padres era firmar los papeles para que pudieran donar los \u00f3rganos de su hijo, que ya estaba muerto.<\/p>\n<p>M\u00e1s a\u00fan, esta irresponsable y maleducada, les advirti\u00f3 que si no acced\u00edan y su hijo mor\u00eda, le iban a tener que realizar una autopsia y que luego el tr\u00e1mite para que les entreguen el cuerpo ser\u00eda largo.<\/p>\n<p>Sus padres con la l\u00f3gica de quienes de repente pierden a su hijo en un hecho inesperado y fugaz, no comprend\u00edan por el dolor \u00bfpor qu\u00e9 tanto apuro? y si hab\u00eda necesidad de hablarles como si su hijo fuera un \u00abrepuesto\u00bb.<\/p>\n<p>En la tarde de hoy, luego de charlar con los manifestantes y sus padres los acompa\u00f1amos al hospital para saber el estado de salud de Michelle, adem\u00e1s de que alguien se hiciera responsable de la falta de atenci\u00f3n al paciente ya que sus padres denunciaban que no lo hab\u00edan aseado y a\u00fan ten\u00eda sangre en su cuerpo.<\/p>\n<p>Llegamos al Hospital Vecinal de Lan\u00fas junto con los manifestantes para reclamar una respuesta y saber si exist\u00eda posibilidades de un traslado, la m\u00e9dica a cargo de la terapia intensiva del\u00a0turno tarde, no ten\u00eda buenas noticias, la muerte cerebral estaba confirmada y los an\u00e1lisis de laboratorio confirmaban un deterioro generalizado de los \u00f3rganos vitales, por la muerte cerebral, Michelle se encuentra con respiraci\u00f3n asistida, pero no existe posibilidad de mejora, salvo un milagro.<\/p>\n<p>En medio de tanto dolor, con los padres entendimos que la mejor opci\u00f3n era esperar y que Michelle permanezca en el hospital un traslado implica riesgo de vida y no hay tratamiento posible para que mejore su cuadro cl\u00ednico.<\/p>\n<p>A la salida por pedido de los padres, me toco uno de los momentos m\u00e1s duros, explicarles a familiares, amigos y vecinos, que Michelle se est\u00e1 apagando poco a poco, que ahora es el momento de acompa\u00f1ar a sus padres en el dolor, de no dejarse provocar o causar situaciones violentas, que lo correcto ahora es reclamar justicia, que los que puedan aportar algo lo hagan llegar al abogado de la familia y que este lo transmita a la justicia.<\/p>\n<p>Muchos dudan del trabajo de la polic\u00eda, denuncian que en el domicilio del imputado hab\u00eda varios veh\u00edculos de alta gama, camionetas, autos y motos, algo inaccesible para un chofer de colectivos, y que familiares del acusado amenazaron a los que reclamaban con hacerlos meter presos por tener un familiar comisario.<\/p>\n<p>La investigaci\u00f3n por los hechos la lleva adelante la UFI N\u00ba1 del Polo Judicial de Avellaneda,\u00a0 a cargo de la Fiscal Olmos Coronel, hay muchos vecinos que quieren aportar su declaraci\u00f3n, los que conocen al imputado temen que este se fugue y no responsa por el homicidio ya que saben tiene familiares en Santiago del Estero, ser\u00e1 la justicia la que deba tomar los recaudos para evitar una fuga y adem\u00e1s para que los que hoy reclaman justicia, crean en la justicia.<\/p>\n<p><a href=\"http:\/\/www.elsindical.com.ar\/notas\/var\/www\/html\/notas\/wp-content\/uploads\/2016\/03\/Justicia-por-Michel-2.jpg\" rel=\"attachment wp-att-57988\"><img loading=\"lazy\" decoding=\"async\" class=\"alignnone size-medium wp-image-57988\" src=\"http:\/\/www.elsindical.com.ar\/notas\/var\/www\/html\/notas\/wp-content\/uploads\/2016\/03\/Justicia-por-Michel-2-300x201.jpg\" alt=\"Justicia-por-Michel-2\" width=\"300\" height=\"201\" srcset=\"https:\/\/www.elsindical.com.ar\/notas\/var\/www\/html\/notas\/wp-content\/uploads\/2016\/03\/Justicia-por-Michel-2-300x201.jpg 300w, https:\/\/www.elsindical.com.ar\/notas\/var\/www\/html\/notas\/wp-content\/uploads\/2016\/03\/Justicia-por-Michel-2-448x300.jpg 448w, https:\/\/www.elsindical.com.ar\/notas\/var\/www\/html\/notas\/wp-content\/uploads\/2016\/03\/Justicia-por-Michel-2.jpg 620w\" sizes=\"auto, (max-width: 300px) 100vw, 300px\" \/><\/a><\/p>\n<p><em><strong>Por Marcelo Ricardo Hawrylciw<\/strong><\/em><\/p>\n","protected":false},"excerpt":{"rendered":"<p>Hoy cientos de personas volvieron a reunirse en la intersecci\u00f3n de las calles Camino Gral. Belgrano y Lynch, para reclamar una vez m\u00e1s JUSTICIA POR MICHELLE. El calvario de la familia del joven Michelle Jos\u00e9 Ledesma, comienza en la noche del d\u00eda 13 de marzo, cuando cerca de la intersecci\u00f3n donde se realizaba el pedido&hellip;<\/p>\n","protected":false},"author":1,"featured_media":0,"comment_status":"open","ping_status":"open","sticky":false,"template":"","format":"standard","meta":{"footnotes":""},"categories":[10],"tags":[2329,23169,737,23168,23167,882],"class_list":["post-57987","post","type-post","status-publish","format-standard","hentry","category-editorial","tag-homicidio","tag-hospital-vecinal-de-lanus","tag-incucai","tag-juan-ramon-gomez","tag-michelle-jose-ledesma","tag-wilde"],"_links":{"self":[{"href":"https:\/\/www.elsindical.com.ar\/notas\/wp-json\/wp\/v2\/posts\/57987","targetHints":{"allow":["GET"]}}],"collection":[{"href":"https:\/\/www.elsindical.com.ar\/notas\/wp-json\/wp\/v2\/posts"}],"about":[{"href":"https:\/\/www.elsindical.com.ar\/notas\/wp-json\/wp\/v2\/types\/post"}],"author":[{"embeddable":true,"href":"https:\/\/www.elsindical.com.ar\/notas\/wp-json\/wp\/v2\/users\/1"}],"replies":[{"embeddable":true,"href":"https:\/\/www.elsindical.com.ar\/notas\/wp-json\/wp\/v2\/comments?post=57987"}],"version-history":[{"count":1,"href":"https:\/\/www.elsindical.com.ar\/notas\/wp-json\/wp\/v2\/posts\/57987\/revisions"}],"predecessor-version":[{"id":57990,"href":"https:\/\/www.elsindical.com.ar\/notas\/wp-json\/wp\/v2\/posts\/57987\/revisions\/57990"}],"wp:attachment":[{"href":"https:\/\/www.elsindical.com.ar\/notas\/wp-json\/wp\/v2\/media?parent=57987"}],"wp:term":[{"taxonomy":"category","embeddable":true,"href":"https:\/\/www.elsindical.com.ar\/notas\/wp-json\/wp\/v2\/categories?post=57987"},{"taxonomy":"post_tag","embeddable":true,"href":"https:\/\/www.elsindical.com.ar\/notas\/wp-json\/wp\/v2\/tags?post=57987"}],"curies":[{"name":"wp","href":"https:\/\/api.w.org\/{rel}","templated":true}]}}