{"id":57979,"date":"2016-03-14T20:25:11","date_gmt":"2016-03-14T23:25:11","guid":{"rendered":"http:\/\/www.elsindical.com.ar\/notas\/?p=57979"},"modified":"2016-03-14T20:25:11","modified_gmt":"2016-03-14T23:25:11","slug":"barracas-asesinan-en-un-robo-a-ex-policia","status":"publish","type":"post","link":"https:\/\/www.elsindical.com.ar\/notas\/barracas-asesinan-en-un-robo-a-ex-policia\/","title":{"rendered":"Barracas: Asesinan en un robo a ex polic\u00eda"},"content":{"rendered":"<p><em><a href=\"http:\/\/www.elsindical.com.ar\/notas\/var\/www\/html\/notas\/wp-content\/uploads\/2016\/03\/asesinato-polic\u00eda-en-Barracas.jpg\" rel=\"attachment wp-att-57980\"><img loading=\"lazy\" decoding=\"async\" class=\"alignnone size-medium wp-image-57980\" src=\"http:\/\/www.elsindical.com.ar\/notas\/var\/www\/html\/notas\/wp-content\/uploads\/2016\/03\/asesinato-polic\u00eda-en-Barracas-300x158.jpg\" alt=\"asesinato polic\u00eda en Barracas\" width=\"300\" height=\"158\" srcset=\"https:\/\/www.elsindical.com.ar\/notas\/var\/www\/html\/notas\/wp-content\/uploads\/2016\/03\/asesinato-polic\u00eda-en-Barracas-300x158.jpg 300w, https:\/\/www.elsindical.com.ar\/notas\/var\/www\/html\/notas\/wp-content\/uploads\/2016\/03\/asesinato-polic\u00eda-en-Barracas-500x263.jpg 500w, https:\/\/www.elsindical.com.ar\/notas\/var\/www\/html\/notas\/wp-content\/uploads\/2016\/03\/asesinato-polic\u00eda-en-Barracas.jpg 680w\" sizes=\"auto, (max-width: 300px) 100vw, 300px\" \/><\/a>\u00a0 Cuatro delincuentes\u00a0armados asesinaron al\u00a0ex oficial que estaba trabajando como agente de seguridad y custodiaba\u00a0la salida de un cami\u00f3n de una empresa de correo.<\/em><\/p>\n<p>La v\u00edctima fue identificada como Ra\u00fal Roberto Z\u00e1rate, de 54 a\u00f1os, era polic\u00eda retirado y trabajaba como agente de seguridad.<\/p>\n<p>El ex oficial junto a un compa\u00f1ero,\u00a0esperaban arriba de una Sur\u00e1n, que salga un cami\u00f3n de correos sobre la calle San Antonio al 300, a pocas cuadras de la villa 21-24. Cuando\u00a0aparecieron cuatro j\u00f3venes armados, empez\u00f3 un tiroteo y el ex oficial sufri\u00f3 un balazo en el pecho que le quit\u00f3 la vida.<\/p>\n<p>Los asaltantes escaparon del lugar sin poder robar y algunos de ellos con heridas de bala.<\/p>\n<p>Al poco tiempo, lleg\u00f3 una ambulancia del SAME, pero Z\u00e1rate ya estaba muerto. El cuerpo estaba en el asiento del conductor del Sur\u00e1n.\u00a0La polic\u00eda busca intensamente a los delincuentes.<\/p>\n","protected":false},"excerpt":{"rendered":"<p>\u00a0 Cuatro delincuentes\u00a0armados asesinaron al\u00a0ex oficial que estaba trabajando como agente de seguridad y custodiaba\u00a0la salida de un cami\u00f3n de una empresa de correo. La v\u00edctima fue identificada como Ra\u00fal Roberto Z\u00e1rate, de 54 a\u00f1os, era polic\u00eda retirado y trabajaba como agente de seguridad. El ex oficial junto a un compa\u00f1ero,\u00a0esperaban arriba de una Sur\u00e1n,&hellip;<\/p>\n","protected":false},"author":1,"featured_media":0,"comment_status":"open","ping_status":"open","sticky":false,"template":"","format":"standard","meta":{"footnotes":""},"categories":[22],"tags":[363,3256,30],"class_list":["post-57979","post","type-post","status-publish","format-standard","hentry","category-policiales","tag-asesinato","tag-barracas","tag-policia"],"_links":{"self":[{"href":"https:\/\/www.elsindical.com.ar\/notas\/wp-json\/wp\/v2\/posts\/57979","targetHints":{"allow":["GET"]}}],"collection":[{"href":"https:\/\/www.elsindical.com.ar\/notas\/wp-json\/wp\/v2\/posts"}],"about":[{"href":"https:\/\/www.elsindical.com.ar\/notas\/wp-json\/wp\/v2\/types\/post"}],"author":[{"embeddable":true,"href":"https:\/\/www.elsindical.com.ar\/notas\/wp-json\/wp\/v2\/users\/1"}],"replies":[{"embeddable":true,"href":"https:\/\/www.elsindical.com.ar\/notas\/wp-json\/wp\/v2\/comments?post=57979"}],"version-history":[{"count":1,"href":"https:\/\/www.elsindical.com.ar\/notas\/wp-json\/wp\/v2\/posts\/57979\/revisions"}],"predecessor-version":[{"id":57981,"href":"https:\/\/www.elsindical.com.ar\/notas\/wp-json\/wp\/v2\/posts\/57979\/revisions\/57981"}],"wp:attachment":[{"href":"https:\/\/www.elsindical.com.ar\/notas\/wp-json\/wp\/v2\/media?parent=57979"}],"wp:term":[{"taxonomy":"category","embeddable":true,"href":"https:\/\/www.elsindical.com.ar\/notas\/wp-json\/wp\/v2\/categories?post=57979"},{"taxonomy":"post_tag","embeddable":true,"href":"https:\/\/www.elsindical.com.ar\/notas\/wp-json\/wp\/v2\/tags?post=57979"}],"curies":[{"name":"wp","href":"https:\/\/api.w.org\/{rel}","templated":true}]}}