{"id":57929,"date":"2016-03-11T17:24:42","date_gmt":"2016-03-11T20:24:42","guid":{"rendered":"http:\/\/www.elsindical.com.ar\/notas\/?p=57929"},"modified":"2016-03-11T17:24:42","modified_gmt":"2016-03-11T20:24:42","slug":"multaron-a-las-madres-de-plaza-de-mayo-tras-su-ronda","status":"publish","type":"post","link":"https:\/\/www.elsindical.com.ar\/notas\/multaron-a-las-madres-de-plaza-de-mayo-tras-su-ronda\/","title":{"rendered":"Multaron a las Madres de Plaza de Mayo tras su ronda"},"content":{"rendered":"<div class=\"notCopete1 mgt8 mgb8\"><em>\u00a0 <a href=\"http:\/\/www.elsindical.com.ar\/notas\/var\/www\/html\/notas\/wp-content\/uploads\/2016\/03\/madres-de-Plaza-de-Mayo.jpg\" rel=\"attachment wp-att-57930\"><img loading=\"lazy\" decoding=\"async\" class=\"alignnone size-medium wp-image-57930\" src=\"http:\/\/www.elsindical.com.ar\/notas\/var\/www\/html\/notas\/wp-content\/uploads\/2016\/03\/madres-de-Plaza-de-Mayo-300x184.jpg\" alt=\"madres-de-Plaza-de-Mayo\" width=\"300\" height=\"184\" srcset=\"https:\/\/www.elsindical.com.ar\/notas\/var\/www\/html\/notas\/wp-content\/uploads\/2016\/03\/madres-de-Plaza-de-Mayo-300x184.jpg 300w, https:\/\/www.elsindical.com.ar\/notas\/var\/www\/html\/notas\/wp-content\/uploads\/2016\/03\/madres-de-Plaza-de-Mayo-489x300.jpg 489w, https:\/\/www.elsindical.com.ar\/notas\/var\/www\/html\/notas\/wp-content\/uploads\/2016\/03\/madres-de-Plaza-de-Mayo.jpg 620w\" sizes=\"auto, (max-width: 300px) 100vw, 300px\" \/><\/a>Tras varios intentos de impedir la realizaci\u00f3n de la ronda de Madres de Plaza de Mayo los d\u00edas jueves, polic\u00edas sancionaron a la organizaci\u00f3n por estacionar camionetas que trasladan a las ancianas en la vereda. \u00abLo hacemos desde hace 30 a\u00f1os\u00bb, se defendi\u00f3 Hebe de Bonafini.<\/em><\/div>\n<div class=\"notCopete1 mgt8 mgb8\"><\/div>\n<div class=\"notCopete1 mgt8 mgb8\">La titular de Madres de Plaza de Mayo, Hebe de Bonafini, denunci\u00f3 que polic\u00edas multaron las camionetas que las trasladan a la Plaza de Mayo para que realicen su cl\u00e1sica ronda de los jueves.<\/p>\n<p>\u00abHoy nos hicieron multas por dejar las camionetas que nos trasladan sobre la vereda de la plaza, cosa que hacemos desde hace m\u00e1s de 30 a\u00f1os\u00bb, explic\u00f3 la titular de la organizaci\u00f3n en un comunicado.<span class=\"Apple-converted-space\">\u00a0<\/span><\/p>\n<p>\u00abTambi\u00e9n nos acusan de robar la electricidad de la los postes de la plaza, una mentira tan grande como su caradurez. Nosotras tenemos nuestros propios recursos, llevamos nuestro grupo generador de energ\u00eda y nunca le robamos nada a nadie\u00bb, agreg\u00f3.<\/p>\n<p>La militante de los Derechos Humanos apunt\u00f3 contra el Presidente. \u00abMacri: nos declaraste la guerra a las Madres pero no sabes contra qui\u00e9nes te vas a enfrentar\u00bb, asegur\u00f3.<\/p>\n<p>Jueves anteriores la polic\u00eda hab\u00eda intentado impedir la realizaci\u00f3n de la ronda.<\/p><\/div>\n","protected":false},"excerpt":{"rendered":"<p>\u00a0 Tras varios intentos de impedir la realizaci\u00f3n de la ronda de Madres de Plaza de Mayo los d\u00edas jueves, polic\u00edas sancionaron a la organizaci\u00f3n por estacionar camionetas que trasladan a las ancianas en la vereda. \u00abLo hacemos desde hace 30 a\u00f1os\u00bb, se defendi\u00f3 Hebe de Bonafini. La titular de Madres de Plaza de Mayo,&hellip;<\/p>\n","protected":false},"author":1,"featured_media":0,"comment_status":"open","ping_status":"open","sticky":false,"template":"","format":"standard","meta":{"footnotes":""},"categories":[6],"tags":[1235,3185,76],"class_list":["post-57929","post","type-post","status-publish","format-standard","hentry","category-denuncias","tag-hebe-de-bonafini","tag-madres-de-plaza-de-mayo","tag-mauricio-macri"],"_links":{"self":[{"href":"https:\/\/www.elsindical.com.ar\/notas\/wp-json\/wp\/v2\/posts\/57929","targetHints":{"allow":["GET"]}}],"collection":[{"href":"https:\/\/www.elsindical.com.ar\/notas\/wp-json\/wp\/v2\/posts"}],"about":[{"href":"https:\/\/www.elsindical.com.ar\/notas\/wp-json\/wp\/v2\/types\/post"}],"author":[{"embeddable":true,"href":"https:\/\/www.elsindical.com.ar\/notas\/wp-json\/wp\/v2\/users\/1"}],"replies":[{"embeddable":true,"href":"https:\/\/www.elsindical.com.ar\/notas\/wp-json\/wp\/v2\/comments?post=57929"}],"version-history":[{"count":1,"href":"https:\/\/www.elsindical.com.ar\/notas\/wp-json\/wp\/v2\/posts\/57929\/revisions"}],"predecessor-version":[{"id":57931,"href":"https:\/\/www.elsindical.com.ar\/notas\/wp-json\/wp\/v2\/posts\/57929\/revisions\/57931"}],"wp:attachment":[{"href":"https:\/\/www.elsindical.com.ar\/notas\/wp-json\/wp\/v2\/media?parent=57929"}],"wp:term":[{"taxonomy":"category","embeddable":true,"href":"https:\/\/www.elsindical.com.ar\/notas\/wp-json\/wp\/v2\/categories?post=57929"},{"taxonomy":"post_tag","embeddable":true,"href":"https:\/\/www.elsindical.com.ar\/notas\/wp-json\/wp\/v2\/tags?post=57929"}],"curies":[{"name":"wp","href":"https:\/\/api.w.org\/{rel}","templated":true}]}}