{"id":57926,"date":"2016-03-11T13:07:21","date_gmt":"2016-03-11T16:07:21","guid":{"rendered":"http:\/\/www.elsindical.com.ar\/notas\/?p=57926"},"modified":"2016-03-11T13:07:21","modified_gmt":"2016-03-11T16:07:21","slug":"nestor-roncaglia-es-el-nuevo-jefe-de-la-policia-federal-argentina-y-la-nueva-estructura-viola-la-ley-organica-policial","status":"publish","type":"post","link":"https:\/\/www.elsindical.com.ar\/notas\/nestor-roncaglia-es-el-nuevo-jefe-de-la-policia-federal-argentina-y-la-nueva-estructura-viola-la-ley-organica-policial\/","title":{"rendered":"N\u00e9stor Roncaglia es el nuevo Jefe de la Polic\u00eda Federal Argentina y la nueva estructura viola la Ley Org\u00e1nica policial"},"content":{"rendered":"<p><em><a href=\"http:\/\/www.elsindical.com.ar\/notas\/var\/www\/html\/notas\/wp-content\/uploads\/2016\/03\/Roncaglia-y-Franco.jpg\" rel=\"attachment wp-att-57927\"><img loading=\"lazy\" decoding=\"async\" class=\"alignnone size-medium wp-image-57927\" src=\"http:\/\/www.elsindical.com.ar\/notas\/var\/www\/html\/notas\/wp-content\/uploads\/2016\/03\/Roncaglia-y-Franco-300x187.jpg\" alt=\"Roncaglia-y-Franco\" width=\"300\" height=\"187\" srcset=\"https:\/\/www.elsindical.com.ar\/notas\/var\/www\/html\/notas\/wp-content\/uploads\/2016\/03\/Roncaglia-y-Franco-300x187.jpg 300w, https:\/\/www.elsindical.com.ar\/notas\/var\/www\/html\/notas\/wp-content\/uploads\/2016\/03\/Roncaglia-y-Franco-481x300.jpg 481w, https:\/\/www.elsindical.com.ar\/notas\/var\/www\/html\/notas\/wp-content\/uploads\/2016\/03\/Roncaglia-y-Franco.jpg 620w\" sizes=\"auto, (max-width: 300px) 100vw, 300px\" \/><\/a>Asume en lugar de Rom\u00e1n Di Santo, quien renunciara a su cargo cuestionado por su intervenci\u00f3n tras el hallazgo del cuerpo del Fiscal Alberto Nisman . Ester Mabel Franco ser\u00e1 la subjefa.\u00a0\u00a0\u00a0<\/em><\/p>\n<p>El Comisario Mayor N\u00e9stor Roncaglia fue designado hoy nuevo jefe de la Polic\u00eda Federal y ser\u00e1 secundado por la Comisario General Ester Mabel Franco, con lo que habr\u00e1 una mujer en ese alto cargo por primera vez en la historia.<\/p>\n<p>\u00abVamos a tener una fuerza para combatir todos los delitos federales complejos como el narcotr\u00e1fico, la trata de personas, el terrorismo, entre otros\u00bb, se\u00f1al\u00f3 a DyN el hasta ahora superintendente de Drogas Peligrosas de la fuerza de seguridad.<\/p>\n<p>Roncaglia ocupar\u00e1 el lugar de Rom\u00e1n Di Santo, quien dej\u00f3 su cargo, cuestionado por su intervenci\u00f3n tras el hallazgo del cuerpo del fiscal Alberto Nisman en su departamento del barrio porte\u00f1o de Puerto Madero, el 18 de enero de 2015.<\/p>\n<p>Por su parte, Franco reemplazar\u00e1 a Eduardo Tebes.<\/p>\n<p>Roncaglia, abogado con posgrado en derecho constitucional y derecho procesal penal, especialista en grandes organizaciones de narcotr\u00e1fico, casado y con dos hijos, fue designado jefe de la Superintendencia de Drogas Peligrosas en 2012. Desde 1992 se encuentra dentro del \u00e1rea de investigaci\u00f3n e inteligencia criminal de la Polic\u00eda Federal.<br \/>\nAdem\u00e1s, hizo cursos de especializaci\u00f3n sobre combate al tr\u00e1fico de drogas en la DEA estadounidense, y se capacit\u00f3 en Bolivia, Colombia y Per\u00fa.<\/p>\n<p>Entre los procedimientos de los que particip\u00f3, figuran el \u00abOperativo Luis XV\u00bb y \u00abOperaci\u00f3n Delf\u00edn\u00bb, al tiempo que tambi\u00e9n investig\u00f3 la llamada \u00abmafia de los medicamentos\u00bb.<\/p>\n<p>Franco, superintendente de Asuntos Internos desde hace cuatro a\u00f1os, nacida en 1955, abogada, casada y con dos hijos, ingres\u00f3 a la fuerza en 1996. Tuvo su primer destino como oficial ayudante en lo que es hoy la Escuela de Suboficiales y Agentes, donde se ocup\u00f3 de la formaci\u00f3n del personal policial. Tiempo despu\u00e9s, pas\u00f3 a la Divisi\u00f3n de Actividades Juveniles, all\u00ed comenzar\u00eda a involucrarse con la tarea social.<\/p>\n<p>En 1994, desde la Direcci\u00f3n General de Asuntos Judiciales, convoc\u00f3 a una Divisi\u00f3n para trabajar con las v\u00edctimas de violencia sexual. En 2009, qued\u00f3 al frente del Departamento de Apoyo Judicial y Protecci\u00f3n Social en 2009, y dos a\u00f1os m\u00e1s tarde qued\u00f3 al frente de la Direcci\u00f3n General de Sanidad Policial.<\/p>\n<p>Hasta aqu\u00ed la informaci\u00f3n oficial,\u00a0al parecer, las autoridades del Ministerio de Seguridad de la Naci\u00f3n, parecen desconocer la Ley Org\u00e1nica de la Polic\u00eda Federal Argentina,\u00a0que no es una creaci\u00f3n nuestra, ya que en cualquier fuerza del mundo, lo correcto es que si se designa a un nuevo Jefe de la fuerza, el resto de sus superiores deben pasar a retiro, con esta nueva medida, resulta que Rocaglia tiene de segundo a una mujer de mayor jerarqu\u00eda y aunque Roncaglia fuera ascendido a Comisario General,\u00a0Franco seguir\u00eda siendo m\u00e1s antigua en la fuerza.<\/p>\n<p>Si con esto, el gobierno pretend\u00eda demostrar que las mujeres pueden ocupar cargos importantes, deber\u00eda haber designado a Franco como jefe de la\u00a0PFA y a Roncaglia como subjefe.<\/p>\n<p>Por otro lado, los cambios en las designaciones arbitrarias parecen seguir con el nuevo gobierno que por un lado promete combatir la corrupci\u00f3n, pero sigue tomando medidas que afectan a las instituciones y que no terminan siendo coherentes con el discurso, \u00bfpresentar\u00e1 el nuevo Jefe de polic\u00eda las declaraciones juradas?, hicieron las autoridades de ministerio un seguimiento de su carrera para tal designaci\u00f3n o simplemente compraron por el curriculum que a la vista parece muy lindo, pero en el que se omite lo m\u00e1s importante, su trabajo como polic\u00eda, su compromiso con el trabajo, pero especialmente su \u00e9xito combatiendo justamente los delitos que ahora asegura investigaran, si lo que preocupa al gobierno es el crecimiento del narcotr\u00e1fico, los logros de Roncaglia al frente de la Superintendencia de Drogas son escasos en los a\u00f1os a su cargo.<\/p>\n<p>&nbsp;<\/p>\n","protected":false},"excerpt":{"rendered":"<p>Asume en lugar de Rom\u00e1n Di Santo, quien renunciara a su cargo cuestionado por su intervenci\u00f3n tras el hallazgo del cuerpo del Fiscal Alberto Nisman . Ester Mabel Franco ser\u00e1 la subjefa.\u00a0\u00a0\u00a0 El Comisario Mayor N\u00e9stor Roncaglia fue designado hoy nuevo jefe de la Polic\u00eda Federal y ser\u00e1 secundado por la Comisario General Ester Mabel&hellip;<\/p>\n","protected":false},"author":1,"featured_media":0,"comment_status":"open","ping_status":"open","sticky":false,"template":"","format":"standard","meta":{"footnotes":""},"categories":[13],"tags":[23150,23149,698],"class_list":["post-57926","post","type-post","status-publish","format-standard","hentry","category-politica","tag-comisario-general-ester-mabel-franco","tag-comisario-mayor-nestor-roncaglia","tag-pfa"],"_links":{"self":[{"href":"https:\/\/www.elsindical.com.ar\/notas\/wp-json\/wp\/v2\/posts\/57926","targetHints":{"allow":["GET"]}}],"collection":[{"href":"https:\/\/www.elsindical.com.ar\/notas\/wp-json\/wp\/v2\/posts"}],"about":[{"href":"https:\/\/www.elsindical.com.ar\/notas\/wp-json\/wp\/v2\/types\/post"}],"author":[{"embeddable":true,"href":"https:\/\/www.elsindical.com.ar\/notas\/wp-json\/wp\/v2\/users\/1"}],"replies":[{"embeddable":true,"href":"https:\/\/www.elsindical.com.ar\/notas\/wp-json\/wp\/v2\/comments?post=57926"}],"version-history":[{"count":1,"href":"https:\/\/www.elsindical.com.ar\/notas\/wp-json\/wp\/v2\/posts\/57926\/revisions"}],"predecessor-version":[{"id":57928,"href":"https:\/\/www.elsindical.com.ar\/notas\/wp-json\/wp\/v2\/posts\/57926\/revisions\/57928"}],"wp:attachment":[{"href":"https:\/\/www.elsindical.com.ar\/notas\/wp-json\/wp\/v2\/media?parent=57926"}],"wp:term":[{"taxonomy":"category","embeddable":true,"href":"https:\/\/www.elsindical.com.ar\/notas\/wp-json\/wp\/v2\/categories?post=57926"},{"taxonomy":"post_tag","embeddable":true,"href":"https:\/\/www.elsindical.com.ar\/notas\/wp-json\/wp\/v2\/tags?post=57926"}],"curies":[{"name":"wp","href":"https:\/\/api.w.org\/{rel}","templated":true}]}}