{"id":57871,"date":"2016-03-08T22:55:52","date_gmt":"2016-03-09T01:55:52","guid":{"rendered":"http:\/\/www.elsindical.com.ar\/notas\/?p=57871"},"modified":"2016-03-08T23:08:35","modified_gmt":"2016-03-09T02:08:35","slug":"mar-del-plata-detuvieron-al-secretario-de-turismo","status":"publish","type":"post","link":"https:\/\/www.elsindical.com.ar\/notas\/mar-del-plata-detuvieron-al-secretario-de-turismo\/","title":{"rendered":"Mar del Plata: Detuvieron al secretario de turismo y referente del Pro"},"content":{"rendered":"<p><em>\u00a0<a href=\"http:\/\/www.elsindical.com.ar\/notas\/var\/www\/html\/notas\/wp-content\/uploads\/2016\/03\/Emiliano-Giri-esposado.jpg\" rel=\"attachment wp-att-57875\"><img loading=\"lazy\" decoding=\"async\" class=\"alignnone size-medium wp-image-57875\" src=\"http:\/\/www.elsindical.com.ar\/notas\/var\/www\/html\/notas\/wp-content\/uploads\/2016\/03\/Emiliano-Giri-esposado-300x158.jpg\" alt=\"Emiliano Giri esposado\" width=\"300\" height=\"158\" srcset=\"https:\/\/www.elsindical.com.ar\/notas\/var\/www\/html\/notas\/wp-content\/uploads\/2016\/03\/Emiliano-Giri-esposado-300x158.jpg 300w, https:\/\/www.elsindical.com.ar\/notas\/var\/www\/html\/notas\/wp-content\/uploads\/2016\/03\/Emiliano-Giri-esposado-500x263.jpg 500w, https:\/\/www.elsindical.com.ar\/notas\/var\/www\/html\/notas\/wp-content\/uploads\/2016\/03\/Emiliano-Giri-esposado.jpg 680w\" sizes=\"auto, (max-width: 300px) 100vw, 300px\" \/><\/a> Emiliano Giri es investigado por presuntas irregularidades en contratos del Astillero R\u00edo Santiago por $16 millones. Hay otros cinco detenidos en la c\u00e1rcel.\u00a0\u00a0\u00a0\u00a0\u00a0<\/em><\/p>\n<p>El presidente del Ente Municipal de Turismo, Emiliano Giri, fue detenido esta madrugada en su casa y trasladado a la ciudad de La Plata, por orden de la justicia de aquella ciudad, en el marco de una investigaci\u00f3n que involucra contratos truchos en el Astillero R\u00edo Santiago.<\/p>\n<p>La pena que podr\u00eda caberle al funcionario es de 2 a 10 a\u00f1os de prisi\u00f3n, en caso de que sea hallado culpable.<\/p>\n<p>La investigaci\u00f3n est\u00e1 a cargo del fiscal de delitos complejos de La Plata, Jorge Paolini, quien pidi\u00f3 la detenci\u00f3n de las principales autoridades del astillero y de otras personas que cumplieron el rol de part\u00edcipes necesarios en la maniobra delictiva, entre los que se encuentra el funcionario marplatense.<\/p>\n<p>&nbsp;<\/p>\n","protected":false},"excerpt":{"rendered":"<p>\u00a0 Emiliano Giri es investigado por presuntas irregularidades en contratos del Astillero R\u00edo Santiago por $16 millones. Hay otros cinco detenidos en la c\u00e1rcel.\u00a0\u00a0\u00a0\u00a0\u00a0 El presidente del Ente Municipal de Turismo, Emiliano Giri, fue detenido esta madrugada en su casa y trasladado a la ciudad de La Plata, por orden de la justicia de aquella&hellip;<\/p>\n","protected":false},"author":1,"featured_media":0,"comment_status":"open","ping_status":"open","sticky":false,"template":"","format":"standard","meta":{"footnotes":""},"categories":[22],"tags":[23137,380,23135,23136],"class_list":["post-57871","post","type-post","status-publish","format-standard","hentry","category-policiales","tag-astillero-rio-santiago","tag-carcel","tag-emiliano-giri","tag-secretario-de-turismo"],"_links":{"self":[{"href":"https:\/\/www.elsindical.com.ar\/notas\/wp-json\/wp\/v2\/posts\/57871","targetHints":{"allow":["GET"]}}],"collection":[{"href":"https:\/\/www.elsindical.com.ar\/notas\/wp-json\/wp\/v2\/posts"}],"about":[{"href":"https:\/\/www.elsindical.com.ar\/notas\/wp-json\/wp\/v2\/types\/post"}],"author":[{"embeddable":true,"href":"https:\/\/www.elsindical.com.ar\/notas\/wp-json\/wp\/v2\/users\/1"}],"replies":[{"embeddable":true,"href":"https:\/\/www.elsindical.com.ar\/notas\/wp-json\/wp\/v2\/comments?post=57871"}],"version-history":[{"count":3,"href":"https:\/\/www.elsindical.com.ar\/notas\/wp-json\/wp\/v2\/posts\/57871\/revisions"}],"predecessor-version":[{"id":57876,"href":"https:\/\/www.elsindical.com.ar\/notas\/wp-json\/wp\/v2\/posts\/57871\/revisions\/57876"}],"wp:attachment":[{"href":"https:\/\/www.elsindical.com.ar\/notas\/wp-json\/wp\/v2\/media?parent=57871"}],"wp:term":[{"taxonomy":"category","embeddable":true,"href":"https:\/\/www.elsindical.com.ar\/notas\/wp-json\/wp\/v2\/categories?post=57871"},{"taxonomy":"post_tag","embeddable":true,"href":"https:\/\/www.elsindical.com.ar\/notas\/wp-json\/wp\/v2\/tags?post=57871"}],"curies":[{"name":"wp","href":"https:\/\/api.w.org\/{rel}","templated":true}]}}