{"id":57838,"date":"2016-03-06T21:00:11","date_gmt":"2016-03-07T00:00:11","guid":{"rendered":"http:\/\/www.elsindical.com.ar\/notas\/?p=57838"},"modified":"2016-03-06T21:00:11","modified_gmt":"2016-03-07T00:00:11","slug":"villa-crespo-asesinan-a-un-joven-en-la-puerta-de-local-bailable","status":"publish","type":"post","link":"https:\/\/www.elsindical.com.ar\/notas\/villa-crespo-asesinan-a-un-joven-en-la-puerta-de-local-bailable\/","title":{"rendered":"Villa Crespo: Asesinan a un joven en la puerta de local bailable"},"content":{"rendered":"<p><em><a href=\"http:\/\/www.elsindical.com.ar\/notas\/var\/www\/html\/notas\/wp-content\/uploads\/2016\/03\/asesinato-en-Almagro.jpg\" rel=\"attachment wp-att-57839\"><img loading=\"lazy\" decoding=\"async\" class=\"alignnone size-medium wp-image-57839\" src=\"http:\/\/www.elsindical.com.ar\/notas\/var\/www\/html\/notas\/wp-content\/uploads\/2016\/03\/asesinato-en-Almagro-300x158.jpg\" alt=\"asesinato en Almagro\" width=\"300\" height=\"158\" srcset=\"https:\/\/www.elsindical.com.ar\/notas\/var\/www\/html\/notas\/wp-content\/uploads\/2016\/03\/asesinato-en-Almagro-300x158.jpg 300w, https:\/\/www.elsindical.com.ar\/notas\/var\/www\/html\/notas\/wp-content\/uploads\/2016\/03\/asesinato-en-Almagro-500x263.jpg 500w, https:\/\/www.elsindical.com.ar\/notas\/var\/www\/html\/notas\/wp-content\/uploads\/2016\/03\/asesinato-en-Almagro.jpg 680w\" sizes=\"auto, (max-width: 300px) 100vw, 300px\" \/><\/a>\u00a0 A la salida de\u00a0un local bailable de la avenida C\u00f3rdoba, que funciona de 7 a 14,\u00a0un joven de 24 a\u00f1os fue baleado durante una disputa que se origin\u00f3 entre dos grupos de chicos y chicas. La v\u00edctima hab\u00eda sido trasladada al Sanatorio G\u00fcemes pero falleci\u00f3 horas despu\u00e9s. El agresor est\u00e1 pr\u00f3fugo.<\/em><\/p>\n<p>Un joven de 24 a\u00f1os que hab\u00eda sido herido durante la ma\u00f1ana de un balazo en la pelvis a la salida de un boliche del barrio porte\u00f1o de Villa Crespo muri\u00f3 esta tarde, informaron fuentes policiales.<\/p>\n<p>Se trata de <strong>Luis Gabriel Bravo<\/strong>, quien hab\u00eda sido internado en el sanatorio G\u00fcemes y si bien en un principio hab\u00eda sido estabilizado por los m\u00e9dicos, luego su cuadro empeor\u00f3.<\/p>\n<p>El hecho sucedi\u00f3 a las 11 en avenida C\u00f3rdoba al 4000, casi esquina Gasc\u00f3n, en la puerta del local \u00abBaires\u00bb, donde funciona un \u00abafter hour\u00bb que comienza a las 7 de la ma\u00f1ana y que permanece abierto hasta las 14.\u00a0Una fuente indic\u00f3 que un grupo de chicos y chicas estaban discutiendo dentro del local y de repente salieron a la vereda.\u00a0All\u00ed, Bravo, oriundo de la localidad bonaerense de San Mart\u00edn, recibi\u00f3 un balazo en la ingle y la pelvis que le perfor\u00f3 la zona, ya que el proyectil ingres\u00f3 y sali\u00f3.<\/p>\n<p>Tras el ataque, otro grupo de j\u00f3venes, entre los que estaba el que dispar\u00f3, escap\u00f3 en un auto gris que\u00a0no pudo ser identificado.<\/p>\n<p>Los amigos del muchacho baleado lo trasladaron al sanatorio G\u00fcemes, ubicado a pocas cuadras, donde fue asistido y en principio se inform\u00f3 que estaba \u00abfuera de peligro\u00bb.\u00a0Cerca de las 19, los investigadores recibieron la informaci\u00f3n de que Bravo hab\u00eda fallecido debido a que empeor\u00f3 su cuadro.<\/p>\n<p>Los peritos de la Polic\u00eda Federal que trabajaron en el lugar levantaron del lugar del ataque una vaina de una pistola 9 mil\u00edmetros.\u00a0La causa se encuentra en manos del fiscal de instrucci\u00f3n 11, <strong>Andr\u00e9s Necol<\/strong>, que la caratul\u00f3 como \u00abhomicidio\u00bb.<\/p>\n","protected":false},"excerpt":{"rendered":"<p>\u00a0 A la salida de\u00a0un local bailable de la avenida C\u00f3rdoba, que funciona de 7 a 14,\u00a0un joven de 24 a\u00f1os fue baleado durante una disputa que se origin\u00f3 entre dos grupos de chicos y chicas. La v\u00edctima hab\u00eda sido trasladada al Sanatorio G\u00fcemes pero falleci\u00f3 horas despu\u00e9s. El agresor est\u00e1 pr\u00f3fugo. Un joven de&hellip;<\/p>\n","protected":false},"author":1,"featured_media":0,"comment_status":"open","ping_status":"open","sticky":false,"template":"","format":"standard","meta":{"footnotes":""},"categories":[22],"tags":[1729,363,5250,23126,323,23125],"class_list":["post-57838","post","type-post","status-publish","format-standard","hentry","category-policiales","tag-almagro","tag-asesinato","tag-av-cordoba","tag-baires","tag-joven","tag-luis-gabriel-bravo"],"_links":{"self":[{"href":"https:\/\/www.elsindical.com.ar\/notas\/wp-json\/wp\/v2\/posts\/57838","targetHints":{"allow":["GET"]}}],"collection":[{"href":"https:\/\/www.elsindical.com.ar\/notas\/wp-json\/wp\/v2\/posts"}],"about":[{"href":"https:\/\/www.elsindical.com.ar\/notas\/wp-json\/wp\/v2\/types\/post"}],"author":[{"embeddable":true,"href":"https:\/\/www.elsindical.com.ar\/notas\/wp-json\/wp\/v2\/users\/1"}],"replies":[{"embeddable":true,"href":"https:\/\/www.elsindical.com.ar\/notas\/wp-json\/wp\/v2\/comments?post=57838"}],"version-history":[{"count":1,"href":"https:\/\/www.elsindical.com.ar\/notas\/wp-json\/wp\/v2\/posts\/57838\/revisions"}],"predecessor-version":[{"id":57840,"href":"https:\/\/www.elsindical.com.ar\/notas\/wp-json\/wp\/v2\/posts\/57838\/revisions\/57840"}],"wp:attachment":[{"href":"https:\/\/www.elsindical.com.ar\/notas\/wp-json\/wp\/v2\/media?parent=57838"}],"wp:term":[{"taxonomy":"category","embeddable":true,"href":"https:\/\/www.elsindical.com.ar\/notas\/wp-json\/wp\/v2\/categories?post=57838"},{"taxonomy":"post_tag","embeddable":true,"href":"https:\/\/www.elsindical.com.ar\/notas\/wp-json\/wp\/v2\/tags?post=57838"}],"curies":[{"name":"wp","href":"https:\/\/api.w.org\/{rel}","templated":true}]}}