{"id":57778,"date":"2016-03-04T00:40:45","date_gmt":"2016-03-04T03:40:45","guid":{"rendered":"http:\/\/www.elsindical.com.ar\/notas\/?p=57778"},"modified":"2016-03-04T00:40:45","modified_gmt":"2016-03-04T03:40:45","slug":"quilmes-inseguridad-y-oportunismo-politico","status":"publish","type":"post","link":"https:\/\/www.elsindical.com.ar\/notas\/quilmes-inseguridad-y-oportunismo-politico\/","title":{"rendered":"Quilmes: Inseguridad y oportunismo pol\u00edtico"},"content":{"rendered":"<p><a href=\"http:\/\/www.elsindical.com.ar\/notas\/var\/www\/html\/notas\/wp-content\/uploads\/2016\/03\/Anal\u00eda-Pauluzzi.jpg\" rel=\"attachment wp-att-57779\"><img loading=\"lazy\" decoding=\"async\" class=\"alignnone size-medium wp-image-57779\" src=\"http:\/\/www.elsindical.com.ar\/notas\/var\/www\/html\/notas\/wp-content\/uploads\/2016\/03\/Anal\u00eda-Pauluzzi-300x214.jpg\" alt=\"Anal\u00eda-Pauluzzi\" width=\"300\" height=\"214\" srcset=\"https:\/\/www.elsindical.com.ar\/notas\/var\/www\/html\/notas\/wp-content\/uploads\/2016\/03\/Anal\u00eda-Pauluzzi-300x214.jpg 300w, https:\/\/www.elsindical.com.ar\/notas\/var\/www\/html\/notas\/wp-content\/uploads\/2016\/03\/Anal\u00eda-Pauluzzi-421x300.jpg 421w, https:\/\/www.elsindical.com.ar\/notas\/var\/www\/html\/notas\/wp-content\/uploads\/2016\/03\/Anal\u00eda-Pauluzzi.jpg 531w\" sizes=\"auto, (max-width: 300px) 100vw, 300px\" \/><\/a>\u00a0 El partido de Quilmes, es uno de los que encabeza desde hace a\u00f1os, el triste ranking de la inseguridad, con muchas v\u00edctimas fatales, robos violentos y una importante circulaci\u00f3n de drogas, desde hace a\u00f1os se denuncia que conocidos boliches forman parte de esa gran estructura que monta el narcotr\u00e1fico en diferentes zonas, en esa necesidad de seguridad que reclaman los vecinos siempre suelen aparecer los oportunistas disfrazados de \u00abiluminados\u00bb.<\/p>\n<p>Cuando Quilmes era un abonado a los medios televisivos por un nuevo hecho de inseguridad y la calle mostraba el descontento de los vecinos, apareci\u00f3 un proyecto muy interesante, de la mano de una vecina llamada Anal\u00eda Pauluzzi, si bien la propuesta para la zona era interesante en eso de mantener informado al vecino, no era novedoso ya que era una versi\u00f3n del Mapa del Delito del entonces candidato Francisco De Narv\u00e1ez.<\/p>\n<p>Con un buen trabajo en las redes sociales y la participaci\u00f3n de los vecinos, Pauluzzi, se hizo un lugar de referencia en su Mapa del Delito Quilmes, aprovechando el descontento de todos para ella ir armando una estructura que le permita negociar, as\u00ed en algunas de las charlas organizadas, se cruz\u00f3 con referentes y candidatos del PRO en Quilmes y cuando estos ganaron la intendencia, fue designada como subsecretaria de seguridad, hasta que Federico Pe\u00f1a, secretario de seguridad, dej\u00f3 su cargo en menos de un mes, al respecto las versiones son varias, algunos dicen que nunca se sinti\u00f3 c\u00f3modo y que viniendo del PRO de la Ciudad de Buenos Aires, prefer\u00eda sumarse al equipo de Mar\u00eda Eugenia Vidal, otra y fuerte versi\u00f3n indicaba que fue denunciado al solicitar dinero de boliches cl\u00e1sicos como Bur\u00f3 por se\u00f1alar un caso.<\/p>\n<p>Luego de casi un mes, finalmente Analia Pauluzzi, reemplaz\u00f3 a Federico Pe\u00f1a, lo que es reprochable a Florencia es su notable CAMBIO, en este caso desfavorable a los vecinos, ya que la se\u00f1ora que tanto se mov\u00eda por la seguridad, una vez que se sent\u00f3 en un despacho, dej\u00f3 de actualizar el Mapa del Delito y en muchos casos de atender los llamados y responder los mensajes de vecinos que creyeron en el inter\u00e9s genuino de alguien que solo buscaba un lugar y un despacho.<\/p>\n<p>Algunos vecinos nos comentaron que Anal\u00eda viene de un sector de la UCR y que lleg\u00f3 a tener acercamiento al PRO gracias a los acuerdos pol\u00edticos, desde El Sindical intentamos tener una conversaci\u00f3n con Anal\u00eda Pauluzzi, pero no obtuvimos buena predisposici\u00f3n para entrevistar a la secretaria de seguridad, justamente de uno de los partidos m\u00e1s complicados.<\/p>\n<p>As\u00ed las cosas, lamentamos que una vez m\u00e1s se burlen de los vecinos.<\/p>\n<p>&nbsp;<\/p>\n<p><strong>Por Marcelo Ricardo Hawrylciw<\/strong><\/p>\n<p>&nbsp;<\/p>\n","protected":false},"excerpt":{"rendered":"<p>\u00a0 El partido de Quilmes, es uno de los que encabeza desde hace a\u00f1os, el triste ranking de la inseguridad, con muchas v\u00edctimas fatales, robos violentos y una importante circulaci\u00f3n de drogas, desde hace a\u00f1os se denuncia que conocidos boliches forman parte de esa gran estructura que monta el narcotr\u00e1fico en diferentes zonas, en esa&hellip;<\/p>\n","protected":false},"author":1,"featured_media":0,"comment_status":"open","ping_status":"open","sticky":false,"template":"","format":"standard","meta":{"footnotes":""},"categories":[10],"tags":[984,11859,684,23100],"class_list":["post-57778","post","type-post","status-publish","format-standard","hentry","category-editorial","tag-inseguridad","tag-mapa-del-delito","tag-quilmes","tag-secretaria-martiniano-molina"],"_links":{"self":[{"href":"https:\/\/www.elsindical.com.ar\/notas\/wp-json\/wp\/v2\/posts\/57778","targetHints":{"allow":["GET"]}}],"collection":[{"href":"https:\/\/www.elsindical.com.ar\/notas\/wp-json\/wp\/v2\/posts"}],"about":[{"href":"https:\/\/www.elsindical.com.ar\/notas\/wp-json\/wp\/v2\/types\/post"}],"author":[{"embeddable":true,"href":"https:\/\/www.elsindical.com.ar\/notas\/wp-json\/wp\/v2\/users\/1"}],"replies":[{"embeddable":true,"href":"https:\/\/www.elsindical.com.ar\/notas\/wp-json\/wp\/v2\/comments?post=57778"}],"version-history":[{"count":1,"href":"https:\/\/www.elsindical.com.ar\/notas\/wp-json\/wp\/v2\/posts\/57778\/revisions"}],"predecessor-version":[{"id":57780,"href":"https:\/\/www.elsindical.com.ar\/notas\/wp-json\/wp\/v2\/posts\/57778\/revisions\/57780"}],"wp:attachment":[{"href":"https:\/\/www.elsindical.com.ar\/notas\/wp-json\/wp\/v2\/media?parent=57778"}],"wp:term":[{"taxonomy":"category","embeddable":true,"href":"https:\/\/www.elsindical.com.ar\/notas\/wp-json\/wp\/v2\/categories?post=57778"},{"taxonomy":"post_tag","embeddable":true,"href":"https:\/\/www.elsindical.com.ar\/notas\/wp-json\/wp\/v2\/tags?post=57778"}],"curies":[{"name":"wp","href":"https:\/\/api.w.org\/{rel}","templated":true}]}}