{"id":57760,"date":"2016-03-03T19:36:50","date_gmt":"2016-03-03T22:36:50","guid":{"rendered":"http:\/\/www.elsindical.com.ar\/notas\/?p=57760"},"modified":"2016-03-03T19:36:50","modified_gmt":"2016-03-03T22:36:50","slug":"vuelven-a-parar-los-trabajadores-judiciales-bonaerenses","status":"publish","type":"post","link":"https:\/\/www.elsindical.com.ar\/notas\/vuelven-a-parar-los-trabajadores-judiciales-bonaerenses\/","title":{"rendered":"Vuelven a parar los trabajadores judiciales bonaerenses"},"content":{"rendered":"<p class=\"copete\"><em><a href=\"http:\/\/www.elsindical.com.ar\/notas\/var\/www\/html\/notas\/wp-content\/uploads\/2011\/03\/logo-AJB.jpg\" rel=\"attachment wp-att-12890\"><img loading=\"lazy\" decoding=\"async\" class=\"alignnone size-full wp-image-12890\" src=\"http:\/\/www.elsindical.com.ar\/notas\/var\/www\/html\/notas\/wp-content\/uploads\/2011\/03\/logo-AJB.jpg\" alt=\"logo-AJB\" width=\"207\" height=\"206\" srcset=\"https:\/\/www.elsindical.com.ar\/notas\/var\/www\/html\/notas\/wp-content\/uploads\/2011\/03\/logo-AJB.jpg 207w, https:\/\/www.elsindical.com.ar\/notas\/var\/www\/html\/notas\/wp-content\/uploads\/2011\/03\/logo-AJB-150x150.jpg 150w\" sizes=\"auto, (max-width: 207px) 100vw, 207px\" \/><\/a>La huelga ser\u00e1 el pr\u00f3ximo 9 de marzo en toda la provincia. Reclaman convocatoria a paritarias y aumento salarial superior al 45%.<\/em><\/p>\n<p>La<strong> Asociaci\u00f3n Judicial Bonaerense (AJB)<\/strong> que conduce <strong>Pablo Abramovich <\/strong>anunci\u00f3 una nueva huelga para el pr\u00f3ximo mi\u00e9rcoles 9 de marzo, que afectar\u00e1 la actividades en los dieciocho departamentos judiciales de la provincia.<\/p>\n<p>\u201cVamos al paro porque <strong>el gobierno provincial contin\u00faa ignorando los reclamos <\/strong>y las necesidades de los trabajadores judiciales\u201d, expres\u00f3 Abramovich, quien exigi\u00f3 al Ejecutivo el \u201cinmediato inicio de las negociaciones paritarias\u201d.<\/p>\n<p>Desde el gremio expresaron su descontento por la falta de convocatoria para discutir la paritaria sectorial, e <strong>instaron a la Suprema Corte a realizar un llamado<\/strong> \u201cpara abordar los reclamos que la involucran, entre ellos el impacto por las modificaciones al impuesto a las ganancias\u201d.<\/p>\n<p>La medida de fuerza fue aprobada durante la jornada del mi\u00e9rcoles en las asambleas realizadas en cada una de las departamentales del gremio. La AJB reclama un <strong>aumento salarial de entre un 45 y un 50%<\/strong>; la sanci\u00f3n de la ley de paritarias y de la ley que restituye el 3% de antig\u00fcedad.<\/p>\n<p>Adem\u00e1s reitera el pedido de bloqueo de t\u00edtulo para los peritos; el pase a planta permanente de contratados, pasantes y tercerizados de limpieza; y el incremento al 40% de la Bonificaci\u00f3n Especial y Compensaci\u00f3n Funcional; entre otros puntos.<\/p>\n","protected":false},"excerpt":{"rendered":"<p>La huelga ser\u00e1 el pr\u00f3ximo 9 de marzo en toda la provincia. Reclaman convocatoria a paritarias y aumento salarial superior al 45%. La Asociaci\u00f3n Judicial Bonaerense (AJB) que conduce Pablo Abramovich anunci\u00f3 una nueva huelga para el pr\u00f3ximo mi\u00e9rcoles 9 de marzo, que afectar\u00e1 la actividades en los dieciocho departamentos judiciales de la provincia. \u201cVamos&hellip;<\/p>\n","protected":false},"author":1,"featured_media":0,"comment_status":"open","ping_status":"open","sticky":false,"template":"","format":"standard","meta":{"footnotes":""},"categories":[16],"tags":[4626,22806,67,514,901],"class_list":["post-57760","post","type-post","status-publish","format-standard","hentry","category-gremiales","tag-ajb","tag-pablo-abramovich","tag-paro","tag-reclamos","tag-suprema-corte"],"_links":{"self":[{"href":"https:\/\/www.elsindical.com.ar\/notas\/wp-json\/wp\/v2\/posts\/57760","targetHints":{"allow":["GET"]}}],"collection":[{"href":"https:\/\/www.elsindical.com.ar\/notas\/wp-json\/wp\/v2\/posts"}],"about":[{"href":"https:\/\/www.elsindical.com.ar\/notas\/wp-json\/wp\/v2\/types\/post"}],"author":[{"embeddable":true,"href":"https:\/\/www.elsindical.com.ar\/notas\/wp-json\/wp\/v2\/users\/1"}],"replies":[{"embeddable":true,"href":"https:\/\/www.elsindical.com.ar\/notas\/wp-json\/wp\/v2\/comments?post=57760"}],"version-history":[{"count":1,"href":"https:\/\/www.elsindical.com.ar\/notas\/wp-json\/wp\/v2\/posts\/57760\/revisions"}],"predecessor-version":[{"id":57761,"href":"https:\/\/www.elsindical.com.ar\/notas\/wp-json\/wp\/v2\/posts\/57760\/revisions\/57761"}],"wp:attachment":[{"href":"https:\/\/www.elsindical.com.ar\/notas\/wp-json\/wp\/v2\/media?parent=57760"}],"wp:term":[{"taxonomy":"category","embeddable":true,"href":"https:\/\/www.elsindical.com.ar\/notas\/wp-json\/wp\/v2\/categories?post=57760"},{"taxonomy":"post_tag","embeddable":true,"href":"https:\/\/www.elsindical.com.ar\/notas\/wp-json\/wp\/v2\/tags?post=57760"}],"curies":[{"name":"wp","href":"https:\/\/api.w.org\/{rel}","templated":true}]}}