{"id":57758,"date":"2016-03-03T18:50:38","date_gmt":"2016-03-03T21:50:38","guid":{"rendered":"http:\/\/www.elsindical.com.ar\/notas\/?p=57758"},"modified":"2016-03-03T18:50:38","modified_gmt":"2016-03-03T21:50:38","slug":"los-peajes-suben-400","status":"publish","type":"post","link":"https:\/\/www.elsindical.com.ar\/notas\/los-peajes-suben-400\/","title":{"rendered":"Los peajes suben 400 %"},"content":{"rendered":"<p><em><a href=\"http:\/\/www.elsindical.com.ar\/notas\/var\/www\/html\/notas\/wp-content\/uploads\/2012\/12\/peaje-ruta-2.jpg\" rel=\"attachment wp-att-31345\"><img loading=\"lazy\" decoding=\"async\" class=\"alignnone size-medium wp-image-31345\" src=\"http:\/\/www.elsindical.com.ar\/notas\/var\/www\/html\/notas\/wp-content\/uploads\/2012\/12\/peaje-ruta-2-300x174.jpg\" alt=\"peaje-ruta-2\" width=\"300\" height=\"174\" srcset=\"https:\/\/www.elsindical.com.ar\/notas\/var\/www\/html\/notas\/wp-content\/uploads\/2012\/12\/peaje-ruta-2-300x174.jpg 300w, https:\/\/www.elsindical.com.ar\/notas\/var\/www\/html\/notas\/wp-content\/uploads\/2012\/12\/peaje-ruta-2-500x290.jpg 500w, https:\/\/www.elsindical.com.ar\/notas\/var\/www\/html\/notas\/wp-content\/uploads\/2012\/12\/peaje-ruta-2.jpg 502w\" sizes=\"auto, (max-width: 300px) 100vw, 300px\" \/><\/a>\u00a0 El aumento\u00a0afectar\u00e1 a los de\u00a0las rutas nacionales, por ejemplo, autov\u00edas como la 3, 5, 7, 8 y 9. La medida cont\u00f3 con el rechazo de las asociaciones de consumidores. \u00abEsto ya es un aumento al tr\u00e1fico\u00bb, se quejaron.<\/em><\/p>\n<p><span style=\"color: #111111; font-family: Arial, Helvetica, sans-serif;\">Todo sube, todo aumenta, tambi\u00e9n el malestar. Y es l\u00f3gico, ya no hay ni un resquicio donde el ajuste o la suba no lleguen. Ahora, le toc\u00f3 a los peajes de las rutas nacionales. Y, adem\u00e1s, la suba no se anda con chiquitas: ser\u00e1 en el orden del 400%. S\u00ed, agarrate fuerte.<\/span><\/p>\n<p><span style=\"color: #111111; font-family: Arial, Helvetica, sans-serif;\">Seg\u00fan una resoluci\u00f3n publicada el martes en Bolet\u00edn Oficial, las subas se aplicar\u00e1n desde este s\u00e1bado a las 0 horas en autov\u00edas como la 3, 5, 7, 8, 9, entre otras. <\/span><\/p>\n<p><span style=\"color: #111111; font-family: Arial, Helvetica, sans-serif;\">\u00bfAlgunos ejemplos? En la Ruta 7, el peaje de Villa Espil pasar\u00e1 de $8 a $30 lo que es una suba del 275%. En tanto en la ruta 3, a la altura de Ca\u00f1uelas, pasar\u00e1 de $11 a $30 y, en la ruta 5, en Olivera, ser\u00e1 un peaje de $10 pesos cuando, originalmente, costaba $2. Es decir, 400% de suba.<\/span><\/p>\n<p><span style=\"color: #111111; font-family: Arial, Helvetica, sans-serif;\">Apenas se sup\u00f3 la <em>&#8216;buena nueva&#8217;<\/em> estall\u00f3 el rechazo de las asociaciones de consumidores. Por ejemplo, el<em> Comit\u00e9 Nacional de Defensa del Usuario Vial (Conaduv) <\/em>lament\u00f3 que no haya habido una reuni\u00f3n previa con el ministro de Transporte,<strong> Guillermo Dietrich,<\/strong> antes de tomar cualquier decisi\u00f3n.<\/span><\/p>\n<p><span style=\"color: #111111; font-family: Arial, Helvetica, sans-serif;\">El coordinador del comit\u00e9, <strong>Ricardo Lasca<\/strong>, dijo que se trata de un <em>\u00abimpuesto al tr\u00e1nsito\u00bb,<\/em> y adelant\u00f3 que la pr\u00f3xima semana mantendr\u00e1n un encuentro con el ministro Dietrich cuando ya se haya consumado el tarifazo.<\/span><\/p>\n<p><span style=\"color: #111111; font-family: Arial, Helvetica, sans-serif;\">El encuentro se realizar\u00e1 el viernes de la semana pr\u00f3xima, por lo cual, Lasca puntualiz\u00f3: <em>\u00abSeguro demor\u00f3 la reuni\u00f3n para que se concrete con el aumento aplicado\u00bb<\/em>. <em>\u00abAumenta el peaje y el combustible. \u00bfQu\u00e9 mas nos quieren cobrar? Estos ajustes se trasladan a los fletes, por ejemplo\u00bb<\/em>, se quej\u00f3.<\/span><\/p>\n<p><span style=\"color: #111111; font-family: Arial, Helvetica, sans-serif;\">Por su parte, desde el \u00d3rgano de control justificaron la medida como suelen hacerlo: <em>\u00abSe verific\u00f3 la variaci\u00f3n de precios registrados en ciertos componentes principales de los rubros de explotaci\u00f3n, conservaci\u00f3n y mantenimiento y servicios de apoyo que desarrollan los entes concesionarios, que inciden en el nivel de prestaci\u00f3n de servicio al usuario\u00bb<\/em>. Sufre el bolsillo, sufre.<\/span><\/p>\n","protected":false},"excerpt":{"rendered":"<p>\u00a0 El aumento\u00a0afectar\u00e1 a los de\u00a0las rutas nacionales, por ejemplo, autov\u00edas como la 3, 5, 7, 8 y 9. La medida cont\u00f3 con el rechazo de las asociaciones de consumidores. \u00abEsto ya es un aumento al tr\u00e1fico\u00bb, se quejaron. Todo sube, todo aumenta, tambi\u00e9n el malestar. Y es l\u00f3gico, ya no hay ni un resquicio&hellip;<\/p>\n","protected":false},"author":1,"featured_media":0,"comment_status":"open","ping_status":"open","sticky":false,"template":"","format":"standard","meta":{"footnotes":""},"categories":[9],"tags":[357,13374,2398,23097],"class_list":["post-57758","post","type-post","status-publish","format-standard","hentry","category-economia","tag-aumento","tag-guillermo-dietrich","tag-peajes","tag-ricardo-lasca"],"_links":{"self":[{"href":"https:\/\/www.elsindical.com.ar\/notas\/wp-json\/wp\/v2\/posts\/57758","targetHints":{"allow":["GET"]}}],"collection":[{"href":"https:\/\/www.elsindical.com.ar\/notas\/wp-json\/wp\/v2\/posts"}],"about":[{"href":"https:\/\/www.elsindical.com.ar\/notas\/wp-json\/wp\/v2\/types\/post"}],"author":[{"embeddable":true,"href":"https:\/\/www.elsindical.com.ar\/notas\/wp-json\/wp\/v2\/users\/1"}],"replies":[{"embeddable":true,"href":"https:\/\/www.elsindical.com.ar\/notas\/wp-json\/wp\/v2\/comments?post=57758"}],"version-history":[{"count":1,"href":"https:\/\/www.elsindical.com.ar\/notas\/wp-json\/wp\/v2\/posts\/57758\/revisions"}],"predecessor-version":[{"id":57759,"href":"https:\/\/www.elsindical.com.ar\/notas\/wp-json\/wp\/v2\/posts\/57758\/revisions\/57759"}],"wp:attachment":[{"href":"https:\/\/www.elsindical.com.ar\/notas\/wp-json\/wp\/v2\/media?parent=57758"}],"wp:term":[{"taxonomy":"category","embeddable":true,"href":"https:\/\/www.elsindical.com.ar\/notas\/wp-json\/wp\/v2\/categories?post=57758"},{"taxonomy":"post_tag","embeddable":true,"href":"https:\/\/www.elsindical.com.ar\/notas\/wp-json\/wp\/v2\/tags?post=57758"}],"curies":[{"name":"wp","href":"https:\/\/api.w.org\/{rel}","templated":true}]}}