{"id":57755,"date":"2016-03-03T01:53:42","date_gmt":"2016-03-03T04:53:42","guid":{"rendered":"http:\/\/www.elsindical.com.ar\/notas\/?p=57755"},"modified":"2016-03-03T01:53:42","modified_gmt":"2016-03-03T04:53:42","slug":"buscan-a-una-joven-de-rafael-calzada","status":"publish","type":"post","link":"https:\/\/www.elsindical.com.ar\/notas\/buscan-a-una-joven-de-rafael-calzada\/","title":{"rendered":"Buscan a una joven de Rafael Calzada"},"content":{"rendered":"<p class=\"bajada\"><em><a href=\"http:\/\/www.elsindical.com.ar\/notas\/var\/www\/html\/notas\/wp-content\/uploads\/2016\/03\/Karen-Abigail-Escalante.jpg\" rel=\"attachment wp-att-57756\"><img loading=\"lazy\" decoding=\"async\" class=\"alignnone size-medium wp-image-57756\" src=\"http:\/\/www.elsindical.com.ar\/notas\/var\/www\/html\/notas\/wp-content\/uploads\/2016\/03\/Karen-Abigail-Escalante-300x141.jpg\" alt=\"Karen-Abigail-Escalante\" width=\"300\" height=\"141\" srcset=\"https:\/\/www.elsindical.com.ar\/notas\/var\/www\/html\/notas\/wp-content\/uploads\/2016\/03\/Karen-Abigail-Escalante-300x141.jpg 300w, https:\/\/www.elsindical.com.ar\/notas\/var\/www\/html\/notas\/wp-content\/uploads\/2016\/03\/Karen-Abigail-Escalante-500x235.jpg 500w, https:\/\/www.elsindical.com.ar\/notas\/var\/www\/html\/notas\/wp-content\/uploads\/2016\/03\/Karen-Abigail-Escalante.jpg 620w\" sizes=\"auto, (max-width: 300px) 100vw, 300px\" \/><\/a>\u00a0 Se trata de Karen Abigail Escalante, de 15 a\u00f1os. Fue vista por \u00faltima vez el 23 de febrero y no hay noticias sobre su paradero.<\/em><\/p>\n<p id=\"pcontnota\">La adolescente es oriunda de Rafael Calzada, partido de Almirante Brown. Desde hace diez d\u00edas no se sabe nada de ella y es intensamente buscada.<\/p>\n<p>Karen Abigail Escalante tiene 15 a\u00f1os y es contextura f\u00edsica delgada. Tiene tez blanca y ojos marrones, mientras que su cabello es rubio y lacio. Mide 1.60 metros y pesa cerca de 60 kilos.<\/p>\n<p>Una se\u00f1a particular es un piercing que tiene en el lado izquierdo de la nariz, apunta la informaci\u00f3n brindada por el Registro Nacional de Personas Menores Extraviadas, que depende del ministerio de Justicia y Derechos Humanos.<\/p>\n<p>Si sab\u00e9s algo de ella o la viste, comunicate con la comisar\u00eda quinta de Almirante Brown, dependencia que interviene en el caso, o a los tel\u00e9fonos 142 y 0800-122-2442.<\/p>\n","protected":false},"excerpt":{"rendered":"<p>\u00a0 Se trata de Karen Abigail Escalante, de 15 a\u00f1os. Fue vista por \u00faltima vez el 23 de febrero y no hay noticias sobre su paradero. La adolescente es oriunda de Rafael Calzada, partido de Almirante Brown. Desde hace diez d\u00edas no se sabe nada de ella y es intensamente buscada. Karen Abigail Escalante tiene&hellip;<\/p>\n","protected":false},"author":1,"featured_media":0,"comment_status":"open","ping_status":"open","sticky":false,"template":"","format":"standard","meta":{"footnotes":""},"categories":[26],"tags":[2670,23096],"class_list":["post-57755","post","type-post","status-publish","format-standard","hentry","category-solidaridad","tag-almirante-brown","tag-karen-abigail-escalante"],"_links":{"self":[{"href":"https:\/\/www.elsindical.com.ar\/notas\/wp-json\/wp\/v2\/posts\/57755","targetHints":{"allow":["GET"]}}],"collection":[{"href":"https:\/\/www.elsindical.com.ar\/notas\/wp-json\/wp\/v2\/posts"}],"about":[{"href":"https:\/\/www.elsindical.com.ar\/notas\/wp-json\/wp\/v2\/types\/post"}],"author":[{"embeddable":true,"href":"https:\/\/www.elsindical.com.ar\/notas\/wp-json\/wp\/v2\/users\/1"}],"replies":[{"embeddable":true,"href":"https:\/\/www.elsindical.com.ar\/notas\/wp-json\/wp\/v2\/comments?post=57755"}],"version-history":[{"count":1,"href":"https:\/\/www.elsindical.com.ar\/notas\/wp-json\/wp\/v2\/posts\/57755\/revisions"}],"predecessor-version":[{"id":57757,"href":"https:\/\/www.elsindical.com.ar\/notas\/wp-json\/wp\/v2\/posts\/57755\/revisions\/57757"}],"wp:attachment":[{"href":"https:\/\/www.elsindical.com.ar\/notas\/wp-json\/wp\/v2\/media?parent=57755"}],"wp:term":[{"taxonomy":"category","embeddable":true,"href":"https:\/\/www.elsindical.com.ar\/notas\/wp-json\/wp\/v2\/categories?post=57755"},{"taxonomy":"post_tag","embeddable":true,"href":"https:\/\/www.elsindical.com.ar\/notas\/wp-json\/wp\/v2\/tags?post=57755"}],"curies":[{"name":"wp","href":"https:\/\/api.w.org\/{rel}","templated":true}]}}