{"id":57650,"date":"2016-02-28T21:19:53","date_gmt":"2016-02-29T00:19:53","guid":{"rendered":"http:\/\/www.elsindical.com.ar\/notas\/?p=57650"},"modified":"2016-02-28T21:19:53","modified_gmt":"2016-02-29T00:19:53","slug":"juntosxguille-_-campana-solidaria","status":"publish","type":"post","link":"https:\/\/www.elsindical.com.ar\/notas\/juntosxguille-_-campana-solidaria\/","title":{"rendered":"juntosxguille _ campa\u00f1a solidaria"},"content":{"rendered":"<p><em><a href=\"http:\/\/www.elsindical.com.ar\/notas\/var\/www\/html\/notas\/wp-content\/uploads\/2016\/02\/Juntos-por-Guille.jpg\" rel=\"attachment wp-att-57651\"><img loading=\"lazy\" decoding=\"async\" class=\"alignnone size-medium wp-image-57651\" src=\"http:\/\/www.elsindical.com.ar\/notas\/var\/www\/html\/notas\/wp-content\/uploads\/2016\/02\/Juntos-por-Guille-300x200.jpg\" alt=\"Juntos-por-Guille\" width=\"300\" height=\"200\" srcset=\"https:\/\/www.elsindical.com.ar\/notas\/var\/www\/html\/notas\/wp-content\/uploads\/2016\/02\/Juntos-por-Guille-300x200.jpg 300w, https:\/\/www.elsindical.com.ar\/notas\/var\/www\/html\/notas\/wp-content\/uploads\/2016\/02\/Juntos-por-Guille-450x300.jpg 450w, https:\/\/www.elsindical.com.ar\/notas\/var\/www\/html\/notas\/wp-content\/uploads\/2016\/02\/Juntos-por-Guille.jpg 738w\" sizes=\"auto, (max-width: 300px) 100vw, 300px\" \/><\/a>\u00a0 Guillermina tiene Hipoplasia de Ventr\u00edculo Izquierdo (HLHS), una rara y compleja cardiopat\u00eda cong\u00e9nita, por lo que deber\u00e1 vivir toda su vida con la mitad derecha de su coraz\u00f3n. Fue detectada durante el embarazo. Tuvo su primera cirug\u00eda a coraz\u00f3n abierto a los tres d\u00edas de vida, y la segunda a los siete meses, con un cateterismo previo.<\/em><\/p>\n<p>En diciembre de 2014, nos informaron que el equipo tratante de la Argentina decid\u00eda desvincularse de la atenci\u00f3n de Guillermina recomendando que la atenci\u00f3n medica de la paciente se realizara en \u201cotra instituci\u00f3n y por otro equipo cardiol\u00f3gico con los que la familia pueda mantener una relaci\u00f3n de respeto y confianza en beneficio del tratamiento de la menor\u201d.<\/p>\n<p>Luego de un largo camino, Guille fue operada por tercera vez a coraz\u00f3n abierto en el Hospital de Ni\u00f1os de Boston, en Estados Unidos. Una campa\u00f1a solidaria, en la que se reuni\u00f3 el dinero necesario para la cirug\u00eda en tan s\u00f3lo 30 d\u00edas con la colaboraci\u00f3n de much\u00edsimos vecinos del Oeste del Conurbano Bonaerense y todos nuestros familiares y amigos, le dio a Guillermina la oportunidad de seguir viviendo, y mejorar su nivel de oxigenaci\u00f3n y su expectativa de vida.<\/p>\n<p>Al regresar de Boston, Guillermina sigui\u00f3 su lucha para recuperarse con su equipo de seguimiento en Buenos Aires bajo la supervisi\u00f3n de los m\u00e9dicos que la operaron en el Boston Childrens Hospital: creci\u00f3 10 cm y aumento casi 3 Kg en 9 meses con un tratamiento nutricional de apoyo para su condici\u00f3n.<\/p>\n<p>El 6 de mayo de 2016 tenemos que volver a viajar a Boston para que ella tenga el cateterismo cardiaco post-cirug\u00eda que est\u00e1 programado para el 11 de mayo. Sus m\u00e9dicos tratantes en Argentina consideran que es muy importante que Guillermina contin\u00fae el tratamiento con el equipo interdisciplinario en Estados Unidos que viene llevando adelante su caso no s\u00f3lo por el \u00e9xito que han tenido con Guillermina sino tambi\u00e9n por la amplia experiencia en el tratamiento de pacientes con su patolog\u00eda.<\/p>\n<p>El presupuesto de los nuevos gastos m\u00e9dicos es de U$S 51.705 y debemos realizar el pago antes del 15 de abril.<\/p>\n<p>LA CUENTA SOLIDARIA:\u00a0 Nombre: JIMENA VERONICA GONELLA \/\/ DU: 27858264 \u2013 Cuil: 27-27858264-2 Nombre: ANDRES EMILIO LLORENS \/\/ DU: 29478394 \u2013 Cuil: 20-29478394-7 Nro de Cuenta: 4024087-7 063-7 CBU: 0070063430004024087772 Banco de Galicia \u2013 Sucursal &#8211; 063 Donar por Mercado Pago y, desde el exterior, por Pay Pal (desde el bot\u00f3n de donar en la p\u00e1gina de Facebook de Guille)<br \/>\n\u00bfNos ayudas?<\/p>\n<p>\u00a1\u00a1\u00a1Gracias por la difusi\u00f3n!!!<\/p>\n","protected":false},"excerpt":{"rendered":"<p>\u00a0 Guillermina tiene Hipoplasia de Ventr\u00edculo Izquierdo (HLHS), una rara y compleja cardiopat\u00eda cong\u00e9nita, por lo que deber\u00e1 vivir toda su vida con la mitad derecha de su coraz\u00f3n. Fue detectada durante el embarazo. Tuvo su primera cirug\u00eda a coraz\u00f3n abierto a los tres d\u00edas de vida, y la segunda a los siete meses, con&hellip;<\/p>\n","protected":false},"author":1,"featured_media":0,"comment_status":"open","ping_status":"open","sticky":false,"template":"","format":"standard","meta":{"footnotes":""},"categories":[1,26],"tags":[23060,141,21029,23061],"class_list":["post-57650","post","type-post","status-publish","format-standard","hentry","category-destacadas","category-solidaridad","tag-campana-solidaria","tag-eeuu","tag-guillermina","tag-hospital-de-ninos-de-boston"],"_links":{"self":[{"href":"https:\/\/www.elsindical.com.ar\/notas\/wp-json\/wp\/v2\/posts\/57650","targetHints":{"allow":["GET"]}}],"collection":[{"href":"https:\/\/www.elsindical.com.ar\/notas\/wp-json\/wp\/v2\/posts"}],"about":[{"href":"https:\/\/www.elsindical.com.ar\/notas\/wp-json\/wp\/v2\/types\/post"}],"author":[{"embeddable":true,"href":"https:\/\/www.elsindical.com.ar\/notas\/wp-json\/wp\/v2\/users\/1"}],"replies":[{"embeddable":true,"href":"https:\/\/www.elsindical.com.ar\/notas\/wp-json\/wp\/v2\/comments?post=57650"}],"version-history":[{"count":1,"href":"https:\/\/www.elsindical.com.ar\/notas\/wp-json\/wp\/v2\/posts\/57650\/revisions"}],"predecessor-version":[{"id":57652,"href":"https:\/\/www.elsindical.com.ar\/notas\/wp-json\/wp\/v2\/posts\/57650\/revisions\/57652"}],"wp:attachment":[{"href":"https:\/\/www.elsindical.com.ar\/notas\/wp-json\/wp\/v2\/media?parent=57650"}],"wp:term":[{"taxonomy":"category","embeddable":true,"href":"https:\/\/www.elsindical.com.ar\/notas\/wp-json\/wp\/v2\/categories?post=57650"},{"taxonomy":"post_tag","embeddable":true,"href":"https:\/\/www.elsindical.com.ar\/notas\/wp-json\/wp\/v2\/tags?post=57650"}],"curies":[{"name":"wp","href":"https:\/\/api.w.org\/{rel}","templated":true}]}}